{"id":656,"date":"2022-06-19T16:30:00","date_gmt":"2022-06-19T14:30:00","guid":{"rendered":"https:\/\/www.tv-muenster.de\/handball\/?p=656"},"modified":"2022-06-19T16:30:00","modified_gmt":"2022-06-19T14:30:00","slug":"tv-erlenbach-ma-jugend-2235-1320","status":"publish","type":"post","link":"https:\/\/www.tv-muenster.de\/handball\/tv-erlenbach-ma-jugend-2235-1320\/","title":{"rendered":"TV Erlenbach \u2013 mA-Jugend  22:35 (13:20)"},"content":{"rendered":"<h4>Im letzten Spiel der Qualifikationsrunde zur Bezirksoberliga gewann die m A-Jugend souver\u00e4n mit 35:22 und sicherte sich damit den 1. Tabellenplatz. Damit spielt die mA-Jugend in der\u00a0kommenden Runde in der BOL Spessart\/Odenwald.<\/h4>\n<p>&nbsp;<\/p>\n<h4>Es ist sch\u00f6n, dass es eine Jugendmannschaft geschafft hat, eine Klasse h\u00f6her zu spielen. Schade das unser Simon sich in der ersten H\u00e4lfte am Handgelenk verletzt hat. Es war nach einer einj\u00e4hrigen Pause sein erstes Spiel. Die Mannschaft w\u00fcnscht ihm alles Gute und hofft, dass er bald wieder spielen kann.<\/h4>\n<h4><\/h4>\n<h4>Es spielten:<\/h4>\n<h4>E. Ellger (Tor), S. Haus, T. H\u00f6rhold, F. M\u00fcller, J. H\u00f6rhold, T. Frank, J. Schmidt, P. Berner, A. Jessenbenkow, N. Neidig, L. Vieth<\/h4>\n","protected":false},"excerpt":{"rendered":"<p>Im letzten Spiel der Qualifikationsrunde zur Bezirksoberliga gewann die m <a class=\"moretag\" href=\"https:\/\/www.tv-muenster.de\/handball\/tv-erlenbach-ma-jugend-2235-1320\/\"><br \/> <b>mehr erfahren<\/b><\/a><\/p>\n","protected":false},"author":11,"featured_media":657,"comment_status":"open","ping_status":"open","sticky":false,"template":"","format":"standard","meta":{"footnotes":""},"categories":[1],"tags":[],"yoast_head":"<!-- This site is optimized with the Yoast SEO plugin v20.2.1 - https:\/\/yoast.com\/wordpress\/plugins\/seo\/ -->\n<title>TV Erlenbach \u2013 mA-Jugend 22:35 (13:20) - Handball<\/title>\n<meta name=\"robots\" content=\"index, follow, max-snippet:-1, max-image-preview:large, max-video-preview:-1\" \/>\n<link rel=\"canonical\" href=\"https:\/\/www.tv-muenster.de\/handball\/tv-erlenbach-ma-jugend-2235-1320\/\" \/>\n<meta property=\"og:locale\" content=\"de_DE\" \/>\n<meta property=\"og:type\" content=\"article\" \/>\n<meta property=\"og:title\" content=\"TV Erlenbach \u2013 mA-Jugend 22:35 (13:20) - Handball\" \/>\n<meta property=\"og:description\" content=\"Im letzten Spiel der Qualifikationsrunde zur Bezirksoberliga gewann die m mehr erfahren\" \/>\n<meta property=\"og:url\" content=\"https:\/\/www.tv-muenster.de\/handball\/tv-erlenbach-ma-jugend-2235-1320\/\" \/>\n<meta property=\"og:site_name\" content=\"Handball\" \/>\n<meta property=\"article:published_time\" content=\"2022-06-19T14:30:00+00:00\" \/>\n<meta property=\"og:image\" content=\"https:\/\/www.tv-muenster.de\/handball\/wp-content\/uploads\/sites\/2\/2022\/06\/Bild1.jpg\" \/>\n\t<meta property=\"og:image:width\" content=\"660\" \/>\n\t<meta property=\"og:image:height\" content=\"330\" \/>\n\t<meta property=\"og:image:type\" content=\"image\/jpeg\" \/>\n<meta name=\"author\" content=\"handball\" \/>\n<meta name=\"twitter:card\" content=\"summary_large_image\" \/>\n<meta name=\"twitter:label1\" content=\"Geschrieben von\" \/>\n\t<meta name=\"twitter:data1\" content=\"handball\" \/>\n\t<meta name=\"twitter:label2\" content=\"Gesch\u00e4tzte Lesezeit\" \/>\n\t<meta name=\"twitter:data2\" content=\"1\u00a0Minute\" \/>\n<script type=\"application\/ld+json\" class=\"yoast-schema-graph\">{\"@context\":\"https:\/\/schema.org\",\"@graph\":[{\"@type\":\"WebPage\",\"@id\":\"https:\/\/www.tv-muenster.de\/handball\/tv-erlenbach-ma-jugend-2235-1320\/\",\"url\":\"https:\/\/www.tv-muenster.de\/handball\/tv-erlenbach-ma-jugend-2235-1320\/\",\"name\":\"TV Erlenbach \u2013 mA-Jugend 22:35 (13:20) - Handball\",\"isPartOf\":{\"@id\":\"https:\/\/www.tv-muenster.de\/handball\/#website\"},\"datePublished\":\"2022-06-19T14:30:00+00:00\",\"dateModified\":\"2022-06-19T14:30:00+00:00\",\"author\":{\"@id\":\"https:\/\/www.tv-muenster.de\/handball\/#\/schema\/person\/d1655dd10bbff47b0583ffcdea08eda3\"},\"breadcrumb\":{\"@id\":\"https:\/\/www.tv-muenster.de\/handball\/tv-erlenbach-ma-jugend-2235-1320\/#breadcrumb\"},\"inLanguage\":\"de\",\"potentialAction\":[{\"@type\":\"ReadAction\",\"target\":[\"https:\/\/www.tv-muenster.de\/handball\/tv-erlenbach-ma-jugend-2235-1320\/\"]}]},{\"@type\":\"BreadcrumbList\",\"@id\":\"https:\/\/www.tv-muenster.de\/handball\/tv-erlenbach-ma-jugend-2235-1320\/#breadcrumb\",\"itemListElement\":[{\"@type\":\"ListItem\",\"position\":1,\"name\":\"Home\",\"item\":\"https:\/\/www.tv-muenster.de\/handball\/\"},{\"@type\":\"ListItem\",\"position\":2,\"name\":\"TV Erlenbach \u2013 mA-Jugend 22:35 (13:20)\"}]},{\"@type\":\"WebSite\",\"@id\":\"https:\/\/www.tv-muenster.de\/handball\/#website\",\"url\":\"https:\/\/www.tv-muenster.de\/handball\/\",\"name\":\"Handball\",\"description\":\"Eine weitere Turnverein 1898 M\u00fcnster e.V. Website\",\"potentialAction\":[{\"@type\":\"SearchAction\",\"target\":{\"@type\":\"EntryPoint\",\"urlTemplate\":\"https:\/\/www.tv-muenster.de\/handball\/?s={search_term_string}\"},\"query-input\":\"required name=search_term_string\"}],\"inLanguage\":\"de\"},{\"@type\":\"Person\",\"@id\":\"https:\/\/www.tv-muenster.de\/handball\/#\/schema\/person\/d1655dd10bbff47b0583ffcdea08eda3\",\"name\":\"handball\",\"image\":{\"@type\":\"ImageObject\",\"inLanguage\":\"de\",\"@id\":\"https:\/\/www.tv-muenster.de\/handball\/#\/schema\/person\/image\/\",\"url\":\"https:\/\/secure.gravatar.com\/avatar\/04fcdf0a1b2846e07554e9d8c74c2fe3?s=96&d=mm&r=g\",\"contentUrl\":\"https:\/\/secure.gravatar.com\/avatar\/04fcdf0a1b2846e07554e9d8c74c2fe3?s=96&d=mm&r=g\",\"caption\":\"handball\"},\"url\":\"https:\/\/www.tv-muenster.de\/handball\/author\/handball\/\"}]}<\/script>\n<!-- \/ Yoast SEO plugin. -->","yoast_head_json":{"title":"TV Erlenbach \u2013 mA-Jugend 22:35 (13:20) - Handball","robots":{"index":"index","follow":"follow","max-snippet":"max-snippet:-1","max-image-preview":"max-image-preview:large","max-video-preview":"max-video-preview:-1"},"canonical":"https:\/\/www.tv-muenster.de\/handball\/tv-erlenbach-ma-jugend-2235-1320\/","og_locale":"de_DE","og_type":"article","og_title":"TV Erlenbach \u2013 mA-Jugend 22:35 (13:20) - Handball","og_description":"Im letzten Spiel der Qualifikationsrunde zur Bezirksoberliga gewann die m mehr erfahren","og_url":"https:\/\/www.tv-muenster.de\/handball\/tv-erlenbach-ma-jugend-2235-1320\/","og_site_name":"Handball","article_published_time":"2022-06-19T14:30:00+00:00","og_image":[{"width":660,"height":330,"url":"https:\/\/www.tv-muenster.de\/handball\/wp-content\/uploads\/sites\/2\/2022\/06\/Bild1.jpg","type":"image\/jpeg"}],"author":"handball","twitter_card":"summary_large_image","twitter_misc":{"Geschrieben von":"handball","Gesch\u00e4tzte Lesezeit":"1\u00a0Minute"},"schema":{"@context":"https:\/\/schema.org","@graph":[{"@type":"WebPage","@id":"https:\/\/www.tv-muenster.de\/handball\/tv-erlenbach-ma-jugend-2235-1320\/","url":"https:\/\/www.tv-muenster.de\/handball\/tv-erlenbach-ma-jugend-2235-1320\/","name":"TV Erlenbach \u2013 mA-Jugend 22:35 (13:20) - Handball","isPartOf":{"@id":"https:\/\/www.tv-muenster.de\/handball\/#website"},"datePublished":"2022-06-19T14:30:00+00:00","dateModified":"2022-06-19T14:30:00+00:00","author":{"@id":"https:\/\/www.tv-muenster.de\/handball\/#\/schema\/person\/d1655dd10bbff47b0583ffcdea08eda3"},"breadcrumb":{"@id":"https:\/\/www.tv-muenster.de\/handball\/tv-erlenbach-ma-jugend-2235-1320\/#breadcrumb"},"inLanguage":"de","potentialAction":[{"@type":"ReadAction","target":["https:\/\/www.tv-muenster.de\/handball\/tv-erlenbach-ma-jugend-2235-1320\/"]}]},{"@type":"BreadcrumbList","@id":"https:\/\/www.tv-muenster.de\/handball\/tv-erlenbach-ma-jugend-2235-1320\/#breadcrumb","itemListElement":[{"@type":"ListItem","position":1,"name":"Home","item":"https:\/\/www.tv-muenster.de\/handball\/"},{"@type":"ListItem","position":2,"name":"TV Erlenbach \u2013 mA-Jugend 22:35 (13:20)"}]},{"@type":"WebSite","@id":"https:\/\/www.tv-muenster.de\/handball\/#website","url":"https:\/\/www.tv-muenster.de\/handball\/","name":"Handball","description":"Eine weitere Turnverein 1898 M\u00fcnster e.V. Website","potentialAction":[{"@type":"SearchAction","target":{"@type":"EntryPoint","urlTemplate":"https:\/\/www.tv-muenster.de\/handball\/?s={search_term_string}"},"query-input":"required name=search_term_string"}],"inLanguage":"de"},{"@type":"Person","@id":"https:\/\/www.tv-muenster.de\/handball\/#\/schema\/person\/d1655dd10bbff47b0583ffcdea08eda3","name":"handball","image":{"@type":"ImageObject","inLanguage":"de","@id":"https:\/\/www.tv-muenster.de\/handball\/#\/schema\/person\/image\/","url":"https:\/\/secure.gravatar.com\/avatar\/04fcdf0a1b2846e07554e9d8c74c2fe3?s=96&d=mm&r=g","contentUrl":"https:\/\/secure.gravatar.com\/avatar\/04fcdf0a1b2846e07554e9d8c74c2fe3?s=96&d=mm&r=g","caption":"handball"},"url":"https:\/\/www.tv-muenster.de\/handball\/author\/handball\/"}]}},"_links":{"self":[{"href":"https:\/\/www.tv-muenster.de\/handball\/wp-json\/wp\/v2\/posts\/656"}],"collection":[{"href":"https:\/\/www.tv-muenster.de\/handball\/wp-json\/wp\/v2\/posts"}],"about":[{"href":"https:\/\/www.tv-muenster.de\/handball\/wp-json\/wp\/v2\/types\/post"}],"author":[{"embeddable":true,"href":"https:\/\/www.tv-muenster.de\/handball\/wp-json\/wp\/v2\/users\/11"}],"replies":[{"embeddable":true,"href":"https:\/\/www.tv-muenster.de\/handball\/wp-json\/wp\/v2\/comments?post=656"}],"version-history":[{"count":1,"href":"https:\/\/www.tv-muenster.de\/handball\/wp-json\/wp\/v2\/posts\/656\/revisions"}],"predecessor-version":[{"id":658,"href":"https:\/\/www.tv-muenster.de\/handball\/wp-json\/wp\/v2\/posts\/656\/revisions\/658"}],"wp:featuredmedia":[{"embeddable":true,"href":"https:\/\/www.tv-muenster.de\/handball\/wp-json\/wp\/v2\/media\/657"}],"wp:attachment":[{"href":"https:\/\/www.tv-muenster.de\/handball\/wp-json\/wp\/v2\/media?parent=656"}],"wp:term":[{"taxonomy":"category","embeddable":true,"href":"https:\/\/www.tv-muenster.de\/handball\/wp-json\/wp\/v2\/categories?post=656"},{"taxonomy":"post_tag","embeddable":true,"href":"https:\/\/www.tv-muenster.de\/handball\/wp-json\/wp\/v2\/tags?post=656"}],"curies":[{"name":"wp","href":"https:\/\/api.w.org\/{rel}","templated":true}]}}