{"id":683,"date":"2022-06-19T16:46:32","date_gmt":"2022-06-19T14:46:32","guid":{"rendered":"https:\/\/www.tv-muenster.de\/handball\/?p=683"},"modified":"2022-06-19T16:46:46","modified_gmt":"2022-06-19T14:46:46","slug":"hsg-hoerstein-michelbach-msg-ii2430-1015","status":"publish","type":"post","link":"https:\/\/www.tv-muenster.de\/handball\/hsg-hoerstein-michelbach-msg-ii2430-1015\/","title":{"rendered":"HSG H\u00f6rstein\/Michelbach \u2013 MSG II\t24:30 (10:15)"},"content":{"rendered":"<h4>Im letzten Saisonspiel gastierte die 2te M\u00e4nnermannschaft bei der HSG H\u00f6rstein\/Michelbach. Die Mannschaft trat stark dezimiert mit nur 8 Feldspielern und zwei Torh\u00fcter an. Dennoch k\u00e4mpfte die Mannschaft \u00fcber die komplette Spielzeit und konnte am Ende mit 30:24 Toren gewinnen.<\/h4>\n<h4><\/h4>\n<h4>Mit diesem Sieg sicherte sich die 2te Mannschaft die Vizemeisterschaft in der Bezirksliga B mit 22:6 Punkten und 415:346 Toren.<\/h4>\n<h4><\/h4>\n<h4>Es spielten:<\/h4>\n<h4>A. Sonn, S. Donners (Tor), M. Melzer (8), J. Fischer (9), A. Groh (1), S. Renner (4), B. M\u00fcller (3), J. Scho\u00dfer (4), L. Ro\u00dfkopf (1), P. B\u00f6ttcher<\/h4>\n","protected":false},"excerpt":{"rendered":"<p>Im letzten Saisonspiel gastierte die 2te M\u00e4nnermannschaft bei der HSG <a class=\"moretag\" href=\"https:\/\/www.tv-muenster.de\/handball\/hsg-hoerstein-michelbach-msg-ii2430-1015\/\"><br \/> <b>mehr erfahren<\/b><\/a><\/p>\n","protected":false},"author":11,"featured_media":681,"comment_status":"open","ping_status":"open","sticky":false,"template":"","format":"standard","meta":{"footnotes":""},"categories":[1],"tags":[],"yoast_head":"<!-- This site is optimized with the Yoast SEO plugin v20.2.1 - https:\/\/yoast.com\/wordpress\/plugins\/seo\/ -->\n<title>HSG H\u00f6rstein\/Michelbach \u2013 MSG II 24:30 (10:15) - Handball<\/title>\n<meta name=\"robots\" content=\"index, follow, max-snippet:-1, max-image-preview:large, max-video-preview:-1\" \/>\n<link rel=\"canonical\" href=\"https:\/\/www.tv-muenster.de\/handball\/hsg-hoerstein-michelbach-msg-ii2430-1015\/\" \/>\n<meta property=\"og:locale\" content=\"de_DE\" \/>\n<meta property=\"og:type\" content=\"article\" \/>\n<meta property=\"og:title\" content=\"HSG H\u00f6rstein\/Michelbach \u2013 MSG II 24:30 (10:15) - Handball\" \/>\n<meta property=\"og:description\" content=\"Im letzten Saisonspiel gastierte die 2te M\u00e4nnermannschaft bei der HSG mehr erfahren\" \/>\n<meta property=\"og:url\" content=\"https:\/\/www.tv-muenster.de\/handball\/hsg-hoerstein-michelbach-msg-ii2430-1015\/\" \/>\n<meta property=\"og:site_name\" content=\"Handball\" \/>\n<meta property=\"article:published_time\" content=\"2022-06-19T14:46:32+00:00\" \/>\n<meta property=\"article:modified_time\" content=\"2022-06-19T14:46:46+00:00\" \/>\n<meta property=\"og:image\" content=\"https:\/\/www.tv-muenster.de\/handball\/wp-content\/uploads\/sites\/2\/2022\/06\/Mannschfoto2te_3te-2908202.png\" \/>\n\t<meta property=\"og:image:width\" content=\"794\" \/>\n\t<meta property=\"og:image:height\" content=\"526\" \/>\n\t<meta property=\"og:image:type\" content=\"image\/png\" \/>\n<meta name=\"author\" content=\"handball\" \/>\n<meta name=\"twitter:card\" content=\"summary_large_image\" \/>\n<meta name=\"twitter:label1\" content=\"Geschrieben von\" \/>\n\t<meta name=\"twitter:data1\" content=\"handball\" \/>\n<script type=\"application\/ld+json\" class=\"yoast-schema-graph\">{\"@context\":\"https:\/\/schema.org\",\"@graph\":[{\"@type\":\"WebPage\",\"@id\":\"https:\/\/www.tv-muenster.de\/handball\/hsg-hoerstein-michelbach-msg-ii2430-1015\/\",\"url\":\"https:\/\/www.tv-muenster.de\/handball\/hsg-hoerstein-michelbach-msg-ii2430-1015\/\",\"name\":\"HSG H\u00f6rstein\/Michelbach \u2013 MSG II 24:30 (10:15) - Handball\",\"isPartOf\":{\"@id\":\"https:\/\/www.tv-muenster.de\/handball\/#website\"},\"datePublished\":\"2022-06-19T14:46:32+00:00\",\"dateModified\":\"2022-06-19T14:46:46+00:00\",\"author\":{\"@id\":\"https:\/\/www.tv-muenster.de\/handball\/#\/schema\/person\/d1655dd10bbff47b0583ffcdea08eda3\"},\"breadcrumb\":{\"@id\":\"https:\/\/www.tv-muenster.de\/handball\/hsg-hoerstein-michelbach-msg-ii2430-1015\/#breadcrumb\"},\"inLanguage\":\"de\",\"potentialAction\":[{\"@type\":\"ReadAction\",\"target\":[\"https:\/\/www.tv-muenster.de\/handball\/hsg-hoerstein-michelbach-msg-ii2430-1015\/\"]}]},{\"@type\":\"BreadcrumbList\",\"@id\":\"https:\/\/www.tv-muenster.de\/handball\/hsg-hoerstein-michelbach-msg-ii2430-1015\/#breadcrumb\",\"itemListElement\":[{\"@type\":\"ListItem\",\"position\":1,\"name\":\"Home\",\"item\":\"https:\/\/www.tv-muenster.de\/handball\/\"},{\"@type\":\"ListItem\",\"position\":2,\"name\":\"HSG H\u00f6rstein\/Michelbach \u2013 MSG II 24:30 (10:15)\"}]},{\"@type\":\"WebSite\",\"@id\":\"https:\/\/www.tv-muenster.de\/handball\/#website\",\"url\":\"https:\/\/www.tv-muenster.de\/handball\/\",\"name\":\"Handball\",\"description\":\"Eine weitere Turnverein 1898 M\u00fcnster e.V. Website\",\"potentialAction\":[{\"@type\":\"SearchAction\",\"target\":{\"@type\":\"EntryPoint\",\"urlTemplate\":\"https:\/\/www.tv-muenster.de\/handball\/?s={search_term_string}\"},\"query-input\":\"required name=search_term_string\"}],\"inLanguage\":\"de\"},{\"@type\":\"Person\",\"@id\":\"https:\/\/www.tv-muenster.de\/handball\/#\/schema\/person\/d1655dd10bbff47b0583ffcdea08eda3\",\"name\":\"handball\",\"image\":{\"@type\":\"ImageObject\",\"inLanguage\":\"de\",\"@id\":\"https:\/\/www.tv-muenster.de\/handball\/#\/schema\/person\/image\/\",\"url\":\"https:\/\/secure.gravatar.com\/avatar\/04fcdf0a1b2846e07554e9d8c74c2fe3?s=96&d=mm&r=g\",\"contentUrl\":\"https:\/\/secure.gravatar.com\/avatar\/04fcdf0a1b2846e07554e9d8c74c2fe3?s=96&d=mm&r=g\",\"caption\":\"handball\"},\"url\":\"https:\/\/www.tv-muenster.de\/handball\/author\/handball\/\"}]}<\/script>\n<!-- \/ Yoast SEO plugin. -->","yoast_head_json":{"title":"HSG H\u00f6rstein\/Michelbach \u2013 MSG II 24:30 (10:15) - Handball","robots":{"index":"index","follow":"follow","max-snippet":"max-snippet:-1","max-image-preview":"max-image-preview:large","max-video-preview":"max-video-preview:-1"},"canonical":"https:\/\/www.tv-muenster.de\/handball\/hsg-hoerstein-michelbach-msg-ii2430-1015\/","og_locale":"de_DE","og_type":"article","og_title":"HSG H\u00f6rstein\/Michelbach \u2013 MSG II 24:30 (10:15) - Handball","og_description":"Im letzten Saisonspiel gastierte die 2te M\u00e4nnermannschaft bei der HSG mehr erfahren","og_url":"https:\/\/www.tv-muenster.de\/handball\/hsg-hoerstein-michelbach-msg-ii2430-1015\/","og_site_name":"Handball","article_published_time":"2022-06-19T14:46:32+00:00","article_modified_time":"2022-06-19T14:46:46+00:00","og_image":[{"width":794,"height":526,"url":"https:\/\/www.tv-muenster.de\/handball\/wp-content\/uploads\/sites\/2\/2022\/06\/Mannschfoto2te_3te-2908202.png","type":"image\/png"}],"author":"handball","twitter_card":"summary_large_image","twitter_misc":{"Geschrieben von":"handball"},"schema":{"@context":"https:\/\/schema.org","@graph":[{"@type":"WebPage","@id":"https:\/\/www.tv-muenster.de\/handball\/hsg-hoerstein-michelbach-msg-ii2430-1015\/","url":"https:\/\/www.tv-muenster.de\/handball\/hsg-hoerstein-michelbach-msg-ii2430-1015\/","name":"HSG H\u00f6rstein\/Michelbach \u2013 MSG II 24:30 (10:15) - Handball","isPartOf":{"@id":"https:\/\/www.tv-muenster.de\/handball\/#website"},"datePublished":"2022-06-19T14:46:32+00:00","dateModified":"2022-06-19T14:46:46+00:00","author":{"@id":"https:\/\/www.tv-muenster.de\/handball\/#\/schema\/person\/d1655dd10bbff47b0583ffcdea08eda3"},"breadcrumb":{"@id":"https:\/\/www.tv-muenster.de\/handball\/hsg-hoerstein-michelbach-msg-ii2430-1015\/#breadcrumb"},"inLanguage":"de","potentialAction":[{"@type":"ReadAction","target":["https:\/\/www.tv-muenster.de\/handball\/hsg-hoerstein-michelbach-msg-ii2430-1015\/"]}]},{"@type":"BreadcrumbList","@id":"https:\/\/www.tv-muenster.de\/handball\/hsg-hoerstein-michelbach-msg-ii2430-1015\/#breadcrumb","itemListElement":[{"@type":"ListItem","position":1,"name":"Home","item":"https:\/\/www.tv-muenster.de\/handball\/"},{"@type":"ListItem","position":2,"name":"HSG H\u00f6rstein\/Michelbach \u2013 MSG II 24:30 (10:15)"}]},{"@type":"WebSite","@id":"https:\/\/www.tv-muenster.de\/handball\/#website","url":"https:\/\/www.tv-muenster.de\/handball\/","name":"Handball","description":"Eine weitere Turnverein 1898 M\u00fcnster e.V. Website","potentialAction":[{"@type":"SearchAction","target":{"@type":"EntryPoint","urlTemplate":"https:\/\/www.tv-muenster.de\/handball\/?s={search_term_string}"},"query-input":"required name=search_term_string"}],"inLanguage":"de"},{"@type":"Person","@id":"https:\/\/www.tv-muenster.de\/handball\/#\/schema\/person\/d1655dd10bbff47b0583ffcdea08eda3","name":"handball","image":{"@type":"ImageObject","inLanguage":"de","@id":"https:\/\/www.tv-muenster.de\/handball\/#\/schema\/person\/image\/","url":"https:\/\/secure.gravatar.com\/avatar\/04fcdf0a1b2846e07554e9d8c74c2fe3?s=96&d=mm&r=g","contentUrl":"https:\/\/secure.gravatar.com\/avatar\/04fcdf0a1b2846e07554e9d8c74c2fe3?s=96&d=mm&r=g","caption":"handball"},"url":"https:\/\/www.tv-muenster.de\/handball\/author\/handball\/"}]}},"_links":{"self":[{"href":"https:\/\/www.tv-muenster.de\/handball\/wp-json\/wp\/v2\/posts\/683"}],"collection":[{"href":"https:\/\/www.tv-muenster.de\/handball\/wp-json\/wp\/v2\/posts"}],"about":[{"href":"https:\/\/www.tv-muenster.de\/handball\/wp-json\/wp\/v2\/types\/post"}],"author":[{"embeddable":true,"href":"https:\/\/www.tv-muenster.de\/handball\/wp-json\/wp\/v2\/users\/11"}],"replies":[{"embeddable":true,"href":"https:\/\/www.tv-muenster.de\/handball\/wp-json\/wp\/v2\/comments?post=683"}],"version-history":[{"count":2,"href":"https:\/\/www.tv-muenster.de\/handball\/wp-json\/wp\/v2\/posts\/683\/revisions"}],"predecessor-version":[{"id":685,"href":"https:\/\/www.tv-muenster.de\/handball\/wp-json\/wp\/v2\/posts\/683\/revisions\/685"}],"wp:featuredmedia":[{"embeddable":true,"href":"https:\/\/www.tv-muenster.de\/handball\/wp-json\/wp\/v2\/media\/681"}],"wp:attachment":[{"href":"https:\/\/www.tv-muenster.de\/handball\/wp-json\/wp\/v2\/media?parent=683"}],"wp:term":[{"taxonomy":"category","embeddable":true,"href":"https:\/\/www.tv-muenster.de\/handball\/wp-json\/wp\/v2\/categories?post=683"},{"taxonomy":"post_tag","embeddable":true,"href":"https:\/\/www.tv-muenster.de\/handball\/wp-json\/wp\/v2\/tags?post=683"}],"curies":[{"name":"wp","href":"https:\/\/api.w.org\/{rel}","templated":true}]}}