{"id":688,"date":"2022-06-19T16:48:30","date_gmt":"2022-06-19T14:48:30","guid":{"rendered":"https:\/\/www.tv-muenster.de\/handball\/?p=688"},"modified":"2022-06-19T16:48:44","modified_gmt":"2022-06-19T14:48:44","slug":"hsg-kalh-kleinostheim-fsg2327-1112","status":"publish","type":"post","link":"https:\/\/www.tv-muenster.de\/handball\/hsg-kalh-kleinostheim-fsg2327-1112\/","title":{"rendered":"HSG Kalh\/Kleinostheim \u2013 FSG\t23:27 (11:12)"},"content":{"rendered":"<h4>Bereits in der Anfangsphase hatte die HSG EMU gegen\u00fcber der HSG Kahl\/Kleinostheim gut ins Spiel gefunden. Schon in den ersten Minuten haben die Damen gezeigt, wo ihre St\u00e4rken sind.\u00a0Durch wenige technische Fehler und eine konzentrierte Abwehr konnte die HSG EMU den Vorsprung in der zweiten H\u00e4lfte ausbauen und so ging das dennoch ausgeglichene Spiel mit einem verdienten Ausw\u00e4rtssieg f\u00fcr die HSG EMU zu Ende (27:23)<\/h4>\n","protected":false},"excerpt":{"rendered":"<p>Bereits in der Anfangsphase hatte die HSG EMU gegen\u00fcber der <a class=\"moretag\" href=\"https:\/\/www.tv-muenster.de\/handball\/hsg-kalh-kleinostheim-fsg2327-1112\/\"><br \/> <b>mehr erfahren<\/b><\/a><\/p>\n","protected":false},"author":11,"featured_media":689,"comment_status":"open","ping_status":"open","sticky":false,"template":"","format":"standard","meta":{"footnotes":""},"categories":[1],"tags":[],"yoast_head":"<!-- This site is optimized with the Yoast SEO plugin v20.2.1 - https:\/\/yoast.com\/wordpress\/plugins\/seo\/ -->\n<title>HSG Kalh\/Kleinostheim \u2013 FSG 23:27 (11:12) - Handball<\/title>\n<meta name=\"robots\" content=\"index, follow, max-snippet:-1, max-image-preview:large, max-video-preview:-1\" \/>\n<link rel=\"canonical\" href=\"https:\/\/www.tv-muenster.de\/handball\/hsg-kalh-kleinostheim-fsg2327-1112\/\" \/>\n<meta property=\"og:locale\" content=\"de_DE\" \/>\n<meta property=\"og:type\" content=\"article\" \/>\n<meta property=\"og:title\" content=\"HSG Kalh\/Kleinostheim \u2013 FSG 23:27 (11:12) - Handball\" \/>\n<meta property=\"og:description\" content=\"Bereits in der Anfangsphase hatte die HSG EMU gegen\u00fcber der mehr erfahren\" \/>\n<meta property=\"og:url\" content=\"https:\/\/www.tv-muenster.de\/handball\/hsg-kalh-kleinostheim-fsg2327-1112\/\" \/>\n<meta property=\"og:site_name\" content=\"Handball\" \/>\n<meta property=\"article:published_time\" content=\"2022-06-19T14:48:30+00:00\" \/>\n<meta property=\"article:modified_time\" content=\"2022-06-19T14:48:44+00:00\" \/>\n<meta property=\"og:image\" content=\"https:\/\/www.tv-muenster.de\/handball\/wp-content\/uploads\/sites\/2\/2022\/06\/Mannfoto_Damen1_2_2020-2048x1365.jpg\" \/>\n\t<meta property=\"og:image:width\" content=\"2048\" \/>\n\t<meta property=\"og:image:height\" content=\"1365\" \/>\n\t<meta property=\"og:image:type\" content=\"image\/jpeg\" \/>\n<meta name=\"author\" content=\"handball\" \/>\n<meta name=\"twitter:card\" content=\"summary_large_image\" \/>\n<meta name=\"twitter:label1\" content=\"Geschrieben von\" \/>\n\t<meta name=\"twitter:data1\" content=\"handball\" \/>\n\t<meta name=\"twitter:label2\" content=\"Gesch\u00e4tzte Lesezeit\" \/>\n\t<meta name=\"twitter:data2\" content=\"1\u00a0Minute\" \/>\n<script type=\"application\/ld+json\" class=\"yoast-schema-graph\">{\"@context\":\"https:\/\/schema.org\",\"@graph\":[{\"@type\":\"WebPage\",\"@id\":\"https:\/\/www.tv-muenster.de\/handball\/hsg-kalh-kleinostheim-fsg2327-1112\/\",\"url\":\"https:\/\/www.tv-muenster.de\/handball\/hsg-kalh-kleinostheim-fsg2327-1112\/\",\"name\":\"HSG Kalh\/Kleinostheim \u2013 FSG 23:27 (11:12) - Handball\",\"isPartOf\":{\"@id\":\"https:\/\/www.tv-muenster.de\/handball\/#website\"},\"datePublished\":\"2022-06-19T14:48:30+00:00\",\"dateModified\":\"2022-06-19T14:48:44+00:00\",\"author\":{\"@id\":\"https:\/\/www.tv-muenster.de\/handball\/#\/schema\/person\/d1655dd10bbff47b0583ffcdea08eda3\"},\"breadcrumb\":{\"@id\":\"https:\/\/www.tv-muenster.de\/handball\/hsg-kalh-kleinostheim-fsg2327-1112\/#breadcrumb\"},\"inLanguage\":\"de\",\"potentialAction\":[{\"@type\":\"ReadAction\",\"target\":[\"https:\/\/www.tv-muenster.de\/handball\/hsg-kalh-kleinostheim-fsg2327-1112\/\"]}]},{\"@type\":\"BreadcrumbList\",\"@id\":\"https:\/\/www.tv-muenster.de\/handball\/hsg-kalh-kleinostheim-fsg2327-1112\/#breadcrumb\",\"itemListElement\":[{\"@type\":\"ListItem\",\"position\":1,\"name\":\"Home\",\"item\":\"https:\/\/www.tv-muenster.de\/handball\/\"},{\"@type\":\"ListItem\",\"position\":2,\"name\":\"HSG Kalh\/Kleinostheim \u2013 FSG 23:27 (11:12)\"}]},{\"@type\":\"WebSite\",\"@id\":\"https:\/\/www.tv-muenster.de\/handball\/#website\",\"url\":\"https:\/\/www.tv-muenster.de\/handball\/\",\"name\":\"Handball\",\"description\":\"Eine weitere Turnverein 1898 M\u00fcnster e.V. Website\",\"potentialAction\":[{\"@type\":\"SearchAction\",\"target\":{\"@type\":\"EntryPoint\",\"urlTemplate\":\"https:\/\/www.tv-muenster.de\/handball\/?s={search_term_string}\"},\"query-input\":\"required name=search_term_string\"}],\"inLanguage\":\"de\"},{\"@type\":\"Person\",\"@id\":\"https:\/\/www.tv-muenster.de\/handball\/#\/schema\/person\/d1655dd10bbff47b0583ffcdea08eda3\",\"name\":\"handball\",\"image\":{\"@type\":\"ImageObject\",\"inLanguage\":\"de\",\"@id\":\"https:\/\/www.tv-muenster.de\/handball\/#\/schema\/person\/image\/\",\"url\":\"https:\/\/secure.gravatar.com\/avatar\/04fcdf0a1b2846e07554e9d8c74c2fe3?s=96&d=mm&r=g\",\"contentUrl\":\"https:\/\/secure.gravatar.com\/avatar\/04fcdf0a1b2846e07554e9d8c74c2fe3?s=96&d=mm&r=g\",\"caption\":\"handball\"},\"url\":\"https:\/\/www.tv-muenster.de\/handball\/author\/handball\/\"}]}<\/script>\n<!-- \/ Yoast SEO plugin. -->","yoast_head_json":{"title":"HSG Kalh\/Kleinostheim \u2013 FSG 23:27 (11:12) - Handball","robots":{"index":"index","follow":"follow","max-snippet":"max-snippet:-1","max-image-preview":"max-image-preview:large","max-video-preview":"max-video-preview:-1"},"canonical":"https:\/\/www.tv-muenster.de\/handball\/hsg-kalh-kleinostheim-fsg2327-1112\/","og_locale":"de_DE","og_type":"article","og_title":"HSG Kalh\/Kleinostheim \u2013 FSG 23:27 (11:12) - Handball","og_description":"Bereits in der Anfangsphase hatte die HSG EMU gegen\u00fcber der mehr erfahren","og_url":"https:\/\/www.tv-muenster.de\/handball\/hsg-kalh-kleinostheim-fsg2327-1112\/","og_site_name":"Handball","article_published_time":"2022-06-19T14:48:30+00:00","article_modified_time":"2022-06-19T14:48:44+00:00","og_image":[{"width":2048,"height":1365,"url":"https:\/\/www.tv-muenster.de\/handball\/wp-content\/uploads\/sites\/2\/2022\/06\/Mannfoto_Damen1_2_2020-2048x1365.jpg","type":"image\/jpeg"}],"author":"handball","twitter_card":"summary_large_image","twitter_misc":{"Geschrieben von":"handball","Gesch\u00e4tzte Lesezeit":"1\u00a0Minute"},"schema":{"@context":"https:\/\/schema.org","@graph":[{"@type":"WebPage","@id":"https:\/\/www.tv-muenster.de\/handball\/hsg-kalh-kleinostheim-fsg2327-1112\/","url":"https:\/\/www.tv-muenster.de\/handball\/hsg-kalh-kleinostheim-fsg2327-1112\/","name":"HSG Kalh\/Kleinostheim \u2013 FSG 23:27 (11:12) - Handball","isPartOf":{"@id":"https:\/\/www.tv-muenster.de\/handball\/#website"},"datePublished":"2022-06-19T14:48:30+00:00","dateModified":"2022-06-19T14:48:44+00:00","author":{"@id":"https:\/\/www.tv-muenster.de\/handball\/#\/schema\/person\/d1655dd10bbff47b0583ffcdea08eda3"},"breadcrumb":{"@id":"https:\/\/www.tv-muenster.de\/handball\/hsg-kalh-kleinostheim-fsg2327-1112\/#breadcrumb"},"inLanguage":"de","potentialAction":[{"@type":"ReadAction","target":["https:\/\/www.tv-muenster.de\/handball\/hsg-kalh-kleinostheim-fsg2327-1112\/"]}]},{"@type":"BreadcrumbList","@id":"https:\/\/www.tv-muenster.de\/handball\/hsg-kalh-kleinostheim-fsg2327-1112\/#breadcrumb","itemListElement":[{"@type":"ListItem","position":1,"name":"Home","item":"https:\/\/www.tv-muenster.de\/handball\/"},{"@type":"ListItem","position":2,"name":"HSG Kalh\/Kleinostheim \u2013 FSG 23:27 (11:12)"}]},{"@type":"WebSite","@id":"https:\/\/www.tv-muenster.de\/handball\/#website","url":"https:\/\/www.tv-muenster.de\/handball\/","name":"Handball","description":"Eine weitere Turnverein 1898 M\u00fcnster e.V. Website","potentialAction":[{"@type":"SearchAction","target":{"@type":"EntryPoint","urlTemplate":"https:\/\/www.tv-muenster.de\/handball\/?s={search_term_string}"},"query-input":"required name=search_term_string"}],"inLanguage":"de"},{"@type":"Person","@id":"https:\/\/www.tv-muenster.de\/handball\/#\/schema\/person\/d1655dd10bbff47b0583ffcdea08eda3","name":"handball","image":{"@type":"ImageObject","inLanguage":"de","@id":"https:\/\/www.tv-muenster.de\/handball\/#\/schema\/person\/image\/","url":"https:\/\/secure.gravatar.com\/avatar\/04fcdf0a1b2846e07554e9d8c74c2fe3?s=96&d=mm&r=g","contentUrl":"https:\/\/secure.gravatar.com\/avatar\/04fcdf0a1b2846e07554e9d8c74c2fe3?s=96&d=mm&r=g","caption":"handball"},"url":"https:\/\/www.tv-muenster.de\/handball\/author\/handball\/"}]}},"_links":{"self":[{"href":"https:\/\/www.tv-muenster.de\/handball\/wp-json\/wp\/v2\/posts\/688"}],"collection":[{"href":"https:\/\/www.tv-muenster.de\/handball\/wp-json\/wp\/v2\/posts"}],"about":[{"href":"https:\/\/www.tv-muenster.de\/handball\/wp-json\/wp\/v2\/types\/post"}],"author":[{"embeddable":true,"href":"https:\/\/www.tv-muenster.de\/handball\/wp-json\/wp\/v2\/users\/11"}],"replies":[{"embeddable":true,"href":"https:\/\/www.tv-muenster.de\/handball\/wp-json\/wp\/v2\/comments?post=688"}],"version-history":[{"count":2,"href":"https:\/\/www.tv-muenster.de\/handball\/wp-json\/wp\/v2\/posts\/688\/revisions"}],"predecessor-version":[{"id":691,"href":"https:\/\/www.tv-muenster.de\/handball\/wp-json\/wp\/v2\/posts\/688\/revisions\/691"}],"wp:featuredmedia":[{"embeddable":true,"href":"https:\/\/www.tv-muenster.de\/handball\/wp-json\/wp\/v2\/media\/689"}],"wp:attachment":[{"href":"https:\/\/www.tv-muenster.de\/handball\/wp-json\/wp\/v2\/media?parent=688"}],"wp:term":[{"taxonomy":"category","embeddable":true,"href":"https:\/\/www.tv-muenster.de\/handball\/wp-json\/wp\/v2\/categories?post=688"},{"taxonomy":"post_tag","embeddable":true,"href":"https:\/\/www.tv-muenster.de\/handball\/wp-json\/wp\/v2\/tags?post=688"}],"curies":[{"name":"wp","href":"https:\/\/api.w.org\/{rel}","templated":true}]}}