{"id":722,"date":"2022-06-19T17:11:54","date_gmt":"2022-06-19T15:11:54","guid":{"rendered":"https:\/\/www.tv-muenster.de\/handball\/?p=722"},"modified":"2022-06-19T17:11:54","modified_gmt":"2022-06-19T15:11:54","slug":"tv-niedernberg-msg-i3233-1814","status":"publish","type":"post","link":"https:\/\/www.tv-muenster.de\/handball\/tv-niedernberg-msg-i3233-1814\/","title":{"rendered":"TV Niedernberg \u2013 MSG I\t32:33 (18:14)"},"content":{"rendered":"<h4>Im zweiten Spiel der Aufstiegsrunde in die Bezirks-Oberliga war das Team (6:4Punkte) von Trainer Christian Simon bei dem<\/h4>\n<h4>TV Niedernberg (5:3 Punkte) zu Gast. Es sollte das erwartete Spiel auf Augenh\u00f6he werden, in dem das Team von EMU1 vor allem in der zweiten\u00a0Spielh\u00e4lfte Charakter zeigte und einen 33:32 (14:18) mit nach Hause nahm.<\/h4>\n<h4><\/h4>\n<h4>Der Start in diese wichtige Begegnung war durchaus verhei\u00dfungsvoll. Durch schnelle Konter sah sich die Mannschaft bis zur 11. Spielminute immer mit einem Tor (5:4, 7:6 und 9:8) vorne. Gegen die\u00a0Distanzsch\u00fctzen der Gastgeber hatte die 6:0 Abwehr der G\u00e4ste jedoch einige Probleme. Erst eine\u00a0Umstellung auf 5:1 konnte die Aktivit\u00e4ten der gegnerischen R\u00fcckraumspieler einschr\u00e4nken. Dennoch sah man sich zum Pausenpfiff mit 18:14 im R\u00fcckstand, nachdem Niedernberg erstmals in der 13.\u00a0Minute mit 10:9 die F\u00fchrung in dieser Begegnung \u00fcbernommen hatte.<\/h4>\n<h4><\/h4>\n<h4>Die zweite Spielh\u00e4lfte sah dann ein hochkonzentriert agierendes Team. Nach 38 Spielminuten hatte EMU1 mit einem 7:1 Lauf den Pausenr\u00fcckstand in eine 21:19 F\u00fchrung gedreht. Nun lie\u00df das\u00a0G\u00e4steteam nichts mehr anbrennen, auch den Anschlusstreffer der Einheimischen zum 25:26\u00a0(49. Minute) steckte man weg. Mit einer \u00fcberzeugenden Abwehrleistung und einem dynamischen<\/h4>\n<h4>Angriffsspiel erarbeitete sich der Gast einen 3 Tore Vorsprung, der auch durch die beiden letzten\u00a0Treffer der Niederberger in der Schluss Minute nicht mehr gef\u00e4hrdet war.<\/h4>\n<h4><\/h4>\n<h4>F\u00fcr EMU1 am Start:<\/h4>\n<h4>Timo Sterkel, Paddy Roth, Alex Groh (2), Julian Fischer (2), Kai Mikschl (1), Bene\u00a0Mieth, Till Wagner, Robin Gemmerich, Jonas Helfenstein (8), Domi Roth (4), Jonas\u00a0Rebel (5), Sebastian Kreher (9), J\u00f6rn Fischer, Noah Renner (2)<\/h4>\n<p>&nbsp;<\/p>\n","protected":false},"excerpt":{"rendered":"<p>Im zweiten Spiel der Aufstiegsrunde in die Bezirks-Oberliga war das <a class=\"moretag\" href=\"https:\/\/www.tv-muenster.de\/handball\/tv-niedernberg-msg-i3233-1814\/\"><br \/> <b>mehr erfahren<\/b><\/a><\/p>\n","protected":false},"author":11,"featured_media":650,"comment_status":"open","ping_status":"open","sticky":false,"template":"","format":"standard","meta":{"footnotes":""},"categories":[1],"tags":[],"yoast_head":"<!-- This site is optimized with the Yoast SEO plugin v20.2.1 - https:\/\/yoast.com\/wordpress\/plugins\/seo\/ -->\n<title>TV Niedernberg \u2013 MSG I 32:33 (18:14) - Handball<\/title>\n<meta name=\"robots\" content=\"index, follow, max-snippet:-1, max-image-preview:large, max-video-preview:-1\" \/>\n<link rel=\"canonical\" href=\"https:\/\/www.tv-muenster.de\/handball\/tv-niedernberg-msg-i3233-1814\/\" \/>\n<meta property=\"og:locale\" content=\"de_DE\" \/>\n<meta property=\"og:type\" content=\"article\" \/>\n<meta property=\"og:title\" content=\"TV Niedernberg \u2013 MSG I 32:33 (18:14) - Handball\" \/>\n<meta property=\"og:description\" content=\"Im zweiten Spiel der Aufstiegsrunde in die Bezirks-Oberliga war das mehr erfahren\" \/>\n<meta property=\"og:url\" content=\"https:\/\/www.tv-muenster.de\/handball\/tv-niedernberg-msg-i3233-1814\/\" \/>\n<meta property=\"og:site_name\" content=\"Handball\" \/>\n<meta property=\"article:published_time\" content=\"2022-06-19T15:11:54+00:00\" \/>\n<meta property=\"og:image\" content=\"https:\/\/www.tv-muenster.de\/handball\/wp-content\/uploads\/sites\/2\/2022\/06\/MannfotoH1_2020.jpg\" \/>\n\t<meta property=\"og:image:width\" content=\"1600\" \/>\n\t<meta property=\"og:image:height\" content=\"1200\" \/>\n\t<meta property=\"og:image:type\" content=\"image\/jpeg\" \/>\n<meta name=\"author\" content=\"handball\" \/>\n<meta name=\"twitter:card\" content=\"summary_large_image\" \/>\n<meta name=\"twitter:label1\" content=\"Geschrieben von\" \/>\n\t<meta name=\"twitter:data1\" content=\"handball\" \/>\n\t<meta name=\"twitter:label2\" content=\"Gesch\u00e4tzte Lesezeit\" \/>\n\t<meta name=\"twitter:data2\" content=\"2\u00a0Minuten\" \/>\n<script type=\"application\/ld+json\" class=\"yoast-schema-graph\">{\"@context\":\"https:\/\/schema.org\",\"@graph\":[{\"@type\":\"WebPage\",\"@id\":\"https:\/\/www.tv-muenster.de\/handball\/tv-niedernberg-msg-i3233-1814\/\",\"url\":\"https:\/\/www.tv-muenster.de\/handball\/tv-niedernberg-msg-i3233-1814\/\",\"name\":\"TV Niedernberg \u2013 MSG I 32:33 (18:14) - Handball\",\"isPartOf\":{\"@id\":\"https:\/\/www.tv-muenster.de\/handball\/#website\"},\"datePublished\":\"2022-06-19T15:11:54+00:00\",\"dateModified\":\"2022-06-19T15:11:54+00:00\",\"author\":{\"@id\":\"https:\/\/www.tv-muenster.de\/handball\/#\/schema\/person\/d1655dd10bbff47b0583ffcdea08eda3\"},\"breadcrumb\":{\"@id\":\"https:\/\/www.tv-muenster.de\/handball\/tv-niedernberg-msg-i3233-1814\/#breadcrumb\"},\"inLanguage\":\"de\",\"potentialAction\":[{\"@type\":\"ReadAction\",\"target\":[\"https:\/\/www.tv-muenster.de\/handball\/tv-niedernberg-msg-i3233-1814\/\"]}]},{\"@type\":\"BreadcrumbList\",\"@id\":\"https:\/\/www.tv-muenster.de\/handball\/tv-niedernberg-msg-i3233-1814\/#breadcrumb\",\"itemListElement\":[{\"@type\":\"ListItem\",\"position\":1,\"name\":\"Home\",\"item\":\"https:\/\/www.tv-muenster.de\/handball\/\"},{\"@type\":\"ListItem\",\"position\":2,\"name\":\"TV Niedernberg \u2013 MSG I 32:33 (18:14)\"}]},{\"@type\":\"WebSite\",\"@id\":\"https:\/\/www.tv-muenster.de\/handball\/#website\",\"url\":\"https:\/\/www.tv-muenster.de\/handball\/\",\"name\":\"Handball\",\"description\":\"Eine weitere Turnverein 1898 M\u00fcnster e.V. Website\",\"potentialAction\":[{\"@type\":\"SearchAction\",\"target\":{\"@type\":\"EntryPoint\",\"urlTemplate\":\"https:\/\/www.tv-muenster.de\/handball\/?s={search_term_string}\"},\"query-input\":\"required name=search_term_string\"}],\"inLanguage\":\"de\"},{\"@type\":\"Person\",\"@id\":\"https:\/\/www.tv-muenster.de\/handball\/#\/schema\/person\/d1655dd10bbff47b0583ffcdea08eda3\",\"name\":\"handball\",\"image\":{\"@type\":\"ImageObject\",\"inLanguage\":\"de\",\"@id\":\"https:\/\/www.tv-muenster.de\/handball\/#\/schema\/person\/image\/\",\"url\":\"https:\/\/secure.gravatar.com\/avatar\/04fcdf0a1b2846e07554e9d8c74c2fe3?s=96&d=mm&r=g\",\"contentUrl\":\"https:\/\/secure.gravatar.com\/avatar\/04fcdf0a1b2846e07554e9d8c74c2fe3?s=96&d=mm&r=g\",\"caption\":\"handball\"},\"url\":\"https:\/\/www.tv-muenster.de\/handball\/author\/handball\/\"}]}<\/script>\n<!-- \/ Yoast SEO plugin. -->","yoast_head_json":{"title":"TV Niedernberg \u2013 MSG I 32:33 (18:14) - Handball","robots":{"index":"index","follow":"follow","max-snippet":"max-snippet:-1","max-image-preview":"max-image-preview:large","max-video-preview":"max-video-preview:-1"},"canonical":"https:\/\/www.tv-muenster.de\/handball\/tv-niedernberg-msg-i3233-1814\/","og_locale":"de_DE","og_type":"article","og_title":"TV Niedernberg \u2013 MSG I 32:33 (18:14) - Handball","og_description":"Im zweiten Spiel der Aufstiegsrunde in die Bezirks-Oberliga war das mehr erfahren","og_url":"https:\/\/www.tv-muenster.de\/handball\/tv-niedernberg-msg-i3233-1814\/","og_site_name":"Handball","article_published_time":"2022-06-19T15:11:54+00:00","og_image":[{"width":1600,"height":1200,"url":"https:\/\/www.tv-muenster.de\/handball\/wp-content\/uploads\/sites\/2\/2022\/06\/MannfotoH1_2020.jpg","type":"image\/jpeg"}],"author":"handball","twitter_card":"summary_large_image","twitter_misc":{"Geschrieben von":"handball","Gesch\u00e4tzte Lesezeit":"2\u00a0Minuten"},"schema":{"@context":"https:\/\/schema.org","@graph":[{"@type":"WebPage","@id":"https:\/\/www.tv-muenster.de\/handball\/tv-niedernberg-msg-i3233-1814\/","url":"https:\/\/www.tv-muenster.de\/handball\/tv-niedernberg-msg-i3233-1814\/","name":"TV Niedernberg \u2013 MSG I 32:33 (18:14) - Handball","isPartOf":{"@id":"https:\/\/www.tv-muenster.de\/handball\/#website"},"datePublished":"2022-06-19T15:11:54+00:00","dateModified":"2022-06-19T15:11:54+00:00","author":{"@id":"https:\/\/www.tv-muenster.de\/handball\/#\/schema\/person\/d1655dd10bbff47b0583ffcdea08eda3"},"breadcrumb":{"@id":"https:\/\/www.tv-muenster.de\/handball\/tv-niedernberg-msg-i3233-1814\/#breadcrumb"},"inLanguage":"de","potentialAction":[{"@type":"ReadAction","target":["https:\/\/www.tv-muenster.de\/handball\/tv-niedernberg-msg-i3233-1814\/"]}]},{"@type":"BreadcrumbList","@id":"https:\/\/www.tv-muenster.de\/handball\/tv-niedernberg-msg-i3233-1814\/#breadcrumb","itemListElement":[{"@type":"ListItem","position":1,"name":"Home","item":"https:\/\/www.tv-muenster.de\/handball\/"},{"@type":"ListItem","position":2,"name":"TV Niedernberg \u2013 MSG I 32:33 (18:14)"}]},{"@type":"WebSite","@id":"https:\/\/www.tv-muenster.de\/handball\/#website","url":"https:\/\/www.tv-muenster.de\/handball\/","name":"Handball","description":"Eine weitere Turnverein 1898 M\u00fcnster e.V. Website","potentialAction":[{"@type":"SearchAction","target":{"@type":"EntryPoint","urlTemplate":"https:\/\/www.tv-muenster.de\/handball\/?s={search_term_string}"},"query-input":"required name=search_term_string"}],"inLanguage":"de"},{"@type":"Person","@id":"https:\/\/www.tv-muenster.de\/handball\/#\/schema\/person\/d1655dd10bbff47b0583ffcdea08eda3","name":"handball","image":{"@type":"ImageObject","inLanguage":"de","@id":"https:\/\/www.tv-muenster.de\/handball\/#\/schema\/person\/image\/","url":"https:\/\/secure.gravatar.com\/avatar\/04fcdf0a1b2846e07554e9d8c74c2fe3?s=96&d=mm&r=g","contentUrl":"https:\/\/secure.gravatar.com\/avatar\/04fcdf0a1b2846e07554e9d8c74c2fe3?s=96&d=mm&r=g","caption":"handball"},"url":"https:\/\/www.tv-muenster.de\/handball\/author\/handball\/"}]}},"_links":{"self":[{"href":"https:\/\/www.tv-muenster.de\/handball\/wp-json\/wp\/v2\/posts\/722"}],"collection":[{"href":"https:\/\/www.tv-muenster.de\/handball\/wp-json\/wp\/v2\/posts"}],"about":[{"href":"https:\/\/www.tv-muenster.de\/handball\/wp-json\/wp\/v2\/types\/post"}],"author":[{"embeddable":true,"href":"https:\/\/www.tv-muenster.de\/handball\/wp-json\/wp\/v2\/users\/11"}],"replies":[{"embeddable":true,"href":"https:\/\/www.tv-muenster.de\/handball\/wp-json\/wp\/v2\/comments?post=722"}],"version-history":[{"count":1,"href":"https:\/\/www.tv-muenster.de\/handball\/wp-json\/wp\/v2\/posts\/722\/revisions"}],"predecessor-version":[{"id":723,"href":"https:\/\/www.tv-muenster.de\/handball\/wp-json\/wp\/v2\/posts\/722\/revisions\/723"}],"wp:featuredmedia":[{"embeddable":true,"href":"https:\/\/www.tv-muenster.de\/handball\/wp-json\/wp\/v2\/media\/650"}],"wp:attachment":[{"href":"https:\/\/www.tv-muenster.de\/handball\/wp-json\/wp\/v2\/media?parent=722"}],"wp:term":[{"taxonomy":"category","embeddable":true,"href":"https:\/\/www.tv-muenster.de\/handball\/wp-json\/wp\/v2\/categories?post=722"},{"taxonomy":"post_tag","embeddable":true,"href":"https:\/\/www.tv-muenster.de\/handball\/wp-json\/wp\/v2\/tags?post=722"}],"curies":[{"name":"wp","href":"https:\/\/api.w.org\/{rel}","templated":true}]}}