{"id":784,"date":"2022-06-19T17:45:45","date_gmt":"2022-06-19T15:45:45","guid":{"rendered":"https:\/\/www.tv-muenster.de\/handball\/?p=784"},"modified":"2022-06-19T17:48:38","modified_gmt":"2022-06-19T15:48:38","slug":"hsg-rodenstein-ii-hsg-emu-3345-1622","status":"publish","type":"post","link":"https:\/\/www.tv-muenster.de\/handball\/hsg-rodenstein-ii-hsg-emu-3345-1622\/","title":{"rendered":"HSG Rodenstein II &#8211; HSG EMU \u2013 33:45 (16:22)"},"content":{"rendered":"<h4>Die Herren I haben die Tabellenf\u00fchrung in der Bezirksliga A Gruppe 1 mit einem deutlichen Ausw\u00e4rtssieg in Reichelsheim verteidigt. Die \u201eErste\u201c hat mit 12:2 Punkten an der Spitze zwei\u00a0Minuspunkte weniger als Verfolger Bachgau II (12:4).<\/h4>\n<h4><\/h4>\n<h4>Gut zwei Minuten dauerte es bis R\u00fcckraumspieler J\u00f6rn Fischer f\u00fcr die Herren I das erste Tor des Abends erzielte (0:1). In der Folge entwickelte sich eine enge Anfangsphase (3:3; 5:5; 7:7). Die G\u00e4ste hatten zun\u00e4chst noch ihre Schwierigkeiten mit der offensiven Abwehr von Rodenstein und bewegten sich nicht gut genug. Dazu stimmte hinten die Abstimmung nicht. So lief die HSG EMU seit dem 7:7 in der 13. Minute meist einem knappen R\u00fcckstand hinterher (10:8; 12:11; 14:13).<\/h4>\n<p>&nbsp;<\/p>\n<h4>Nach rund 20 Minuten fand die Erste aber zunehmend besser ins Spiel und schaltete einen Gang hoch. In der Abwehr gewannen die G\u00e4ste viele B\u00e4lle und dann ging es schnell nach vorne. Vor allem Jonas Helfenstein und Till Wagner nutzten mit ihrem Tempo im Positionsangriff die L\u00fccken oder schlossen die Gegenst\u00f6\u00dfe ab. So drehte die Simon-Mannschaft einen knappen R\u00fcckstand (14:13) in eine<\/h4>\n<h4>Sechs-Tore-F\u00fchrung zur Pause (16:22). Innerhalb von neun Minuten erzielten die G\u00e4ste neun Tore und<\/h4>\n<h4>kassierten nur zwei Gegentreffer.<\/h4>\n<h4><\/h4>\n<h4>Nach der Pause machte die Erste genau da weiter, wo sie im ersten Durchgang aufgeh\u00f6rt hatte. Zwei Tore von Wagner und eins von Linksau\u00dfen Johannes Lembken sorgten f\u00fcr die komfortable Neun-Tore-F\u00fchrung (16:25). Die Herren I kontrollierten souver\u00e4n das Spiel und bauten ihren Vorsprung\u00a0weiter aus. Rodenstein verk\u00fcrzte zwischenzeitlich den Abstand ein wenig (21:28, 37.). Der Sieg des Tabellenf\u00fchrers geriet aber nicht ernsthaft in Gefahr. Mit f\u00fcnf Toren in Folge sorgten die G\u00e4ste wieder f\u00fcr klarere Verh\u00e4ltnisse (21:33, 42.) &#8211; auch wenn in dieser Phase Lembken nach einem Griff in den Wurfarm seines Gegenspielers die Rote Karte sah (40.). Kreisl\u00e4ufer Alex Groh erzielte circa zwei\u00a0Minuten vor dem Ende schlie\u00dflich den 45. Treffer der HSG EMU an diesem Abend (30:45).\u00a0Die Hausherren sorgten mit einem 3:0-Lauf noch f\u00fcr ein wenig Ergebniskosmetik.<\/h4>\n<h4><\/h4>\n<h4>F\u00fcr die HSG dabei: Niklas Beckmann, Jacob Spanheimer; Alex Groh (1), Johannes Lembken (2), Uwe Sauerwein (3), Benedikt Mieth, Simon Schwarzkopf (5), Till Wagner (9), Jonas Helfenstein (8), J\u00f6rn Fischer (7\/1), Jonas Rebel (6), Noah Renner (4)<\/h4>\n<p>&nbsp;<\/p>\n","protected":false},"excerpt":{"rendered":"<p>Die Herren I haben die Tabellenf\u00fchrung in der Bezirksliga A <a class=\"moretag\" href=\"https:\/\/www.tv-muenster.de\/handball\/hsg-rodenstein-ii-hsg-emu-3345-1622\/\"><br \/> <b>mehr erfahren<\/b><\/a><\/p>\n","protected":false},"author":11,"featured_media":466,"comment_status":"open","ping_status":"open","sticky":false,"template":"","format":"standard","meta":{"footnotes":""},"categories":[1],"tags":[],"yoast_head":"<!-- This site is optimized with the Yoast SEO plugin v20.2.1 - https:\/\/yoast.com\/wordpress\/plugins\/seo\/ -->\n<title>HSG Rodenstein II - HSG EMU \u2013 33:45 (16:22) - Handball<\/title>\n<meta name=\"robots\" content=\"index, follow, max-snippet:-1, max-image-preview:large, max-video-preview:-1\" \/>\n<link rel=\"canonical\" href=\"https:\/\/www.tv-muenster.de\/handball\/hsg-rodenstein-ii-hsg-emu-3345-1622\/\" \/>\n<meta property=\"og:locale\" content=\"de_DE\" \/>\n<meta property=\"og:type\" content=\"article\" \/>\n<meta property=\"og:title\" content=\"HSG Rodenstein II - HSG EMU \u2013 33:45 (16:22) - Handball\" \/>\n<meta property=\"og:description\" content=\"Die Herren I haben die Tabellenf\u00fchrung in der Bezirksliga A mehr erfahren\" \/>\n<meta property=\"og:url\" content=\"https:\/\/www.tv-muenster.de\/handball\/hsg-rodenstein-ii-hsg-emu-3345-1622\/\" \/>\n<meta property=\"og:site_name\" content=\"Handball\" \/>\n<meta property=\"article:published_time\" content=\"2022-06-19T15:45:45+00:00\" \/>\n<meta property=\"article:modified_time\" content=\"2022-06-19T15:48:38+00:00\" \/>\n<meta property=\"og:image\" content=\"https:\/\/www.tv-muenster.de\/handball\/wp-content\/uploads\/sites\/2\/2018\/10\/MannfotoH1_2020.jpg\" \/>\n\t<meta property=\"og:image:width\" content=\"1600\" \/>\n\t<meta property=\"og:image:height\" content=\"1200\" \/>\n\t<meta property=\"og:image:type\" content=\"image\/jpeg\" \/>\n<meta name=\"author\" content=\"handball\" \/>\n<meta name=\"twitter:card\" content=\"summary_large_image\" \/>\n<meta name=\"twitter:label1\" content=\"Geschrieben von\" \/>\n\t<meta name=\"twitter:data1\" content=\"handball\" \/>\n\t<meta name=\"twitter:label2\" content=\"Gesch\u00e4tzte Lesezeit\" \/>\n\t<meta name=\"twitter:data2\" content=\"2\u00a0Minuten\" \/>\n<script type=\"application\/ld+json\" class=\"yoast-schema-graph\">{\"@context\":\"https:\/\/schema.org\",\"@graph\":[{\"@type\":\"WebPage\",\"@id\":\"https:\/\/www.tv-muenster.de\/handball\/hsg-rodenstein-ii-hsg-emu-3345-1622\/\",\"url\":\"https:\/\/www.tv-muenster.de\/handball\/hsg-rodenstein-ii-hsg-emu-3345-1622\/\",\"name\":\"HSG Rodenstein II - HSG EMU \u2013 33:45 (16:22) - Handball\",\"isPartOf\":{\"@id\":\"https:\/\/www.tv-muenster.de\/handball\/#website\"},\"datePublished\":\"2022-06-19T15:45:45+00:00\",\"dateModified\":\"2022-06-19T15:48:38+00:00\",\"author\":{\"@id\":\"https:\/\/www.tv-muenster.de\/handball\/#\/schema\/person\/d1655dd10bbff47b0583ffcdea08eda3\"},\"breadcrumb\":{\"@id\":\"https:\/\/www.tv-muenster.de\/handball\/hsg-rodenstein-ii-hsg-emu-3345-1622\/#breadcrumb\"},\"inLanguage\":\"de\",\"potentialAction\":[{\"@type\":\"ReadAction\",\"target\":[\"https:\/\/www.tv-muenster.de\/handball\/hsg-rodenstein-ii-hsg-emu-3345-1622\/\"]}]},{\"@type\":\"BreadcrumbList\",\"@id\":\"https:\/\/www.tv-muenster.de\/handball\/hsg-rodenstein-ii-hsg-emu-3345-1622\/#breadcrumb\",\"itemListElement\":[{\"@type\":\"ListItem\",\"position\":1,\"name\":\"Home\",\"item\":\"https:\/\/www.tv-muenster.de\/handball\/\"},{\"@type\":\"ListItem\",\"position\":2,\"name\":\"HSG Rodenstein II &#8211; HSG EMU \u2013 33:45 (16:22)\"}]},{\"@type\":\"WebSite\",\"@id\":\"https:\/\/www.tv-muenster.de\/handball\/#website\",\"url\":\"https:\/\/www.tv-muenster.de\/handball\/\",\"name\":\"Handball\",\"description\":\"Eine weitere Turnverein 1898 M\u00fcnster e.V. Website\",\"potentialAction\":[{\"@type\":\"SearchAction\",\"target\":{\"@type\":\"EntryPoint\",\"urlTemplate\":\"https:\/\/www.tv-muenster.de\/handball\/?s={search_term_string}\"},\"query-input\":\"required name=search_term_string\"}],\"inLanguage\":\"de\"},{\"@type\":\"Person\",\"@id\":\"https:\/\/www.tv-muenster.de\/handball\/#\/schema\/person\/d1655dd10bbff47b0583ffcdea08eda3\",\"name\":\"handball\",\"image\":{\"@type\":\"ImageObject\",\"inLanguage\":\"de\",\"@id\":\"https:\/\/www.tv-muenster.de\/handball\/#\/schema\/person\/image\/\",\"url\":\"https:\/\/secure.gravatar.com\/avatar\/04fcdf0a1b2846e07554e9d8c74c2fe3?s=96&d=mm&r=g\",\"contentUrl\":\"https:\/\/secure.gravatar.com\/avatar\/04fcdf0a1b2846e07554e9d8c74c2fe3?s=96&d=mm&r=g\",\"caption\":\"handball\"},\"url\":\"https:\/\/www.tv-muenster.de\/handball\/author\/handball\/\"}]}<\/script>\n<!-- \/ Yoast SEO plugin. -->","yoast_head_json":{"title":"HSG Rodenstein II - HSG EMU \u2013 33:45 (16:22) - Handball","robots":{"index":"index","follow":"follow","max-snippet":"max-snippet:-1","max-image-preview":"max-image-preview:large","max-video-preview":"max-video-preview:-1"},"canonical":"https:\/\/www.tv-muenster.de\/handball\/hsg-rodenstein-ii-hsg-emu-3345-1622\/","og_locale":"de_DE","og_type":"article","og_title":"HSG Rodenstein II - HSG EMU \u2013 33:45 (16:22) - Handball","og_description":"Die Herren I haben die Tabellenf\u00fchrung in der Bezirksliga A mehr erfahren","og_url":"https:\/\/www.tv-muenster.de\/handball\/hsg-rodenstein-ii-hsg-emu-3345-1622\/","og_site_name":"Handball","article_published_time":"2022-06-19T15:45:45+00:00","article_modified_time":"2022-06-19T15:48:38+00:00","og_image":[{"width":1600,"height":1200,"url":"https:\/\/www.tv-muenster.de\/handball\/wp-content\/uploads\/sites\/2\/2018\/10\/MannfotoH1_2020.jpg","type":"image\/jpeg"}],"author":"handball","twitter_card":"summary_large_image","twitter_misc":{"Geschrieben von":"handball","Gesch\u00e4tzte Lesezeit":"2\u00a0Minuten"},"schema":{"@context":"https:\/\/schema.org","@graph":[{"@type":"WebPage","@id":"https:\/\/www.tv-muenster.de\/handball\/hsg-rodenstein-ii-hsg-emu-3345-1622\/","url":"https:\/\/www.tv-muenster.de\/handball\/hsg-rodenstein-ii-hsg-emu-3345-1622\/","name":"HSG Rodenstein II - HSG EMU \u2013 33:45 (16:22) - Handball","isPartOf":{"@id":"https:\/\/www.tv-muenster.de\/handball\/#website"},"datePublished":"2022-06-19T15:45:45+00:00","dateModified":"2022-06-19T15:48:38+00:00","author":{"@id":"https:\/\/www.tv-muenster.de\/handball\/#\/schema\/person\/d1655dd10bbff47b0583ffcdea08eda3"},"breadcrumb":{"@id":"https:\/\/www.tv-muenster.de\/handball\/hsg-rodenstein-ii-hsg-emu-3345-1622\/#breadcrumb"},"inLanguage":"de","potentialAction":[{"@type":"ReadAction","target":["https:\/\/www.tv-muenster.de\/handball\/hsg-rodenstein-ii-hsg-emu-3345-1622\/"]}]},{"@type":"BreadcrumbList","@id":"https:\/\/www.tv-muenster.de\/handball\/hsg-rodenstein-ii-hsg-emu-3345-1622\/#breadcrumb","itemListElement":[{"@type":"ListItem","position":1,"name":"Home","item":"https:\/\/www.tv-muenster.de\/handball\/"},{"@type":"ListItem","position":2,"name":"HSG Rodenstein II &#8211; HSG EMU \u2013 33:45 (16:22)"}]},{"@type":"WebSite","@id":"https:\/\/www.tv-muenster.de\/handball\/#website","url":"https:\/\/www.tv-muenster.de\/handball\/","name":"Handball","description":"Eine weitere Turnverein 1898 M\u00fcnster e.V. Website","potentialAction":[{"@type":"SearchAction","target":{"@type":"EntryPoint","urlTemplate":"https:\/\/www.tv-muenster.de\/handball\/?s={search_term_string}"},"query-input":"required name=search_term_string"}],"inLanguage":"de"},{"@type":"Person","@id":"https:\/\/www.tv-muenster.de\/handball\/#\/schema\/person\/d1655dd10bbff47b0583ffcdea08eda3","name":"handball","image":{"@type":"ImageObject","inLanguage":"de","@id":"https:\/\/www.tv-muenster.de\/handball\/#\/schema\/person\/image\/","url":"https:\/\/secure.gravatar.com\/avatar\/04fcdf0a1b2846e07554e9d8c74c2fe3?s=96&d=mm&r=g","contentUrl":"https:\/\/secure.gravatar.com\/avatar\/04fcdf0a1b2846e07554e9d8c74c2fe3?s=96&d=mm&r=g","caption":"handball"},"url":"https:\/\/www.tv-muenster.de\/handball\/author\/handball\/"}]}},"_links":{"self":[{"href":"https:\/\/www.tv-muenster.de\/handball\/wp-json\/wp\/v2\/posts\/784"}],"collection":[{"href":"https:\/\/www.tv-muenster.de\/handball\/wp-json\/wp\/v2\/posts"}],"about":[{"href":"https:\/\/www.tv-muenster.de\/handball\/wp-json\/wp\/v2\/types\/post"}],"author":[{"embeddable":true,"href":"https:\/\/www.tv-muenster.de\/handball\/wp-json\/wp\/v2\/users\/11"}],"replies":[{"embeddable":true,"href":"https:\/\/www.tv-muenster.de\/handball\/wp-json\/wp\/v2\/comments?post=784"}],"version-history":[{"count":2,"href":"https:\/\/www.tv-muenster.de\/handball\/wp-json\/wp\/v2\/posts\/784\/revisions"}],"predecessor-version":[{"id":791,"href":"https:\/\/www.tv-muenster.de\/handball\/wp-json\/wp\/v2\/posts\/784\/revisions\/791"}],"wp:featuredmedia":[{"embeddable":true,"href":"https:\/\/www.tv-muenster.de\/handball\/wp-json\/wp\/v2\/media\/466"}],"wp:attachment":[{"href":"https:\/\/www.tv-muenster.de\/handball\/wp-json\/wp\/v2\/media?parent=784"}],"wp:term":[{"taxonomy":"category","embeddable":true,"href":"https:\/\/www.tv-muenster.de\/handball\/wp-json\/wp\/v2\/categories?post=784"},{"taxonomy":"post_tag","embeddable":true,"href":"https:\/\/www.tv-muenster.de\/handball\/wp-json\/wp\/v2\/tags?post=784"}],"curies":[{"name":"wp","href":"https:\/\/api.w.org\/{rel}","templated":true}]}}