{"id":1585,"date":"2020-07-02T11:04:25","date_gmt":"2020-07-02T09:04:25","guid":{"rendered":"https:\/\/www.tv-muenster.de\/tanzen\/?p=1585"},"modified":"2020-07-02T11:04:25","modified_gmt":"2020-07-02T09:04:25","slug":"bailando-beendet-saison-mit-gemeinsamer-hallenuebernachtung","status":"publish","type":"post","link":"https:\/\/www.tv-muenster.de\/tanzen\/2020\/07\/02\/bailando-beendet-saison-mit-gemeinsamer-hallenuebernachtung\/","title":{"rendered":"Bailando beendet Saison mit gemeinsamer Hallen\u00fcbernachtung"},"content":{"rendered":"<p>Am 25. Mai traf sich die j\u00fcngste Gruppe der Abteilung<br \/>\nWettkampfgymnastik zu einer gemeinsamen \u00dcbernachtung in der TV-<br \/>\nHalle, um die vorangegangene Wettkampfsaison abzuschlie\u00dfen.<br \/>\nIn 2019 startete die 19 M\u00e4dchen starke Gruppe bei insgesamt 4<br \/>\nWettk\u00e4mpfen: bei den Hessischen Meisterschaften im April in M\u00fcnster<br \/>\nwurde der erste Platz erreicht. Bei den drei Rundenwettk\u00e4mpfen konnte<br \/>\nzweimal der 2. Platz und einmal der 1. Platz gesichert werden.<br \/>\nBailando besteht seit nunmehr 4 Jahren und der Gro\u00dfteil der Gruppe ist<br \/>\nvon Anfang an dabei \u2013 eine gemeinsame \u00dcbernachtung war da l\u00e4ngst<br \/>\nf\u00e4llig. Am Samstag um 17 Uhr ging es los \u2013 nach einer kurzen Elterninfo<br \/>\n\u00fcber die kommende Saisonplanung wurden zuerst die Nachtlager<br \/>\naufgebaut: 4 Weichbodenmatten in einer Reihe. Dann wurde die Fl\u00e4che<br \/>\nvor der TV Halle mit einer bunten Kreidezeichnung versehen und mehrere<br \/>\nRunden Menschen Memory in der Version Tanzmemory gespielt.<br \/>\nMittendrin rief auch Pedro vom Goldenen Barren schon zum Essen \u2013<br \/>\nSchnitzel und Pommes f\u00fcr alle \u2013 das Wetter spielte mit und wir konnten<br \/>\ndrau\u00dfen essen.<br \/>\nWie es sich f\u00fcr eine Tanzgruppe geh\u00f6rt, wurde danach im Jugendraum<br \/>\nauch ein Tanzfilm geschaut \u2013 Anna, der Film \u2013 der Retromovie aus den<br \/>\n80ern weckte bei den Trainerinnen Jugenderinnerungen, w\u00e4hrend die<br \/>\nM\u00e4dchen sich eher auf Chipst\u00fcten und Gummib\u00e4rchen konzentrierten.<br \/>\nDanach ging es im Pulk zum Z\u00e4hneputzen und ab in die Schlafs\u00e4cke \u2026<br \/>\naber Ruhe war noch lange nicht.<br \/>\nAm Sonntag um 6 Uhr weckte uns nicht nur die Sonne, sondern auch eine<br \/>\nElefantenkarawane Richtung Toilette. Nach einem gemeinsamen Fr\u00fchst\u00fcck<br \/>\nin der Sonne mit selbstgebackenen Muffins und Kuchen wurden die<br \/>\nM\u00e4dchen um 9.30 Uhr \u2013 m\u00fcde, aber gl\u00fccklich \u2013 von ihren Eltern abgeholt.<br \/>\nAuch den Trainerinnen Christiane und Heike hat die \u00dcbernachtung Spass<br \/>\ngemacht. An dieser Stelle nochmal Danke an unsere motivierten M\u00e4dels<br \/>\nund die stets unterst\u00fctzenden Eltern. Auf geht\u2019s in die Saison 2019\/2020.<\/p>\n<p><img loading=\"lazy\" decoding=\"async\" class=\"alignnone size-medium wp-image-1586\" src=\"https:\/\/www.tv-muenster.de\/tanzen\/wp-content\/uploads\/sites\/6\/2020\/07\/image-2-225x300.jpg\" alt=\"\" width=\"225\" height=\"300\" srcset=\"https:\/\/www.tv-muenster.de\/tanzen\/wp-content\/uploads\/sites\/6\/2020\/07\/image-2-225x300.jpg 225w, https:\/\/www.tv-muenster.de\/tanzen\/wp-content\/uploads\/sites\/6\/2020\/07\/image-2.jpg 418w\" sizes=\"(max-width: 225px) 100vw, 225px\" \/><\/p>\n","protected":false},"excerpt":{"rendered":"<p>Am 25. Mai traf sich die j\u00fcngste Gruppe der Abteilung <a class=\"moretag\" href=\"https:\/\/www.tv-muenster.de\/tanzen\/2020\/07\/02\/bailando-beendet-saison-mit-gemeinsamer-hallenuebernachtung\/\"><br \/> <b>mehr erfahren<\/b><\/a><\/p>\n","protected":false},"author":10,"featured_media":1586,"comment_status":"open","ping_status":"open","sticky":false,"template":"","format":"standard","meta":{"footnotes":""},"categories":[1],"tags":[],"yoast_head":"<!-- This site is optimized with the Yoast SEO plugin v20.2.1 - https:\/\/yoast.com\/wordpress\/plugins\/seo\/ -->\n<title>Bailando beendet Saison mit gemeinsamer Hallen\u00fcbernachtung - Tanzen<\/title>\n<meta name=\"robots\" content=\"index, follow, max-snippet:-1, max-image-preview:large, max-video-preview:-1\" \/>\n<link rel=\"canonical\" href=\"https:\/\/www.tv-muenster.de\/tanzen\/2020\/07\/02\/bailando-beendet-saison-mit-gemeinsamer-hallenuebernachtung\/\" \/>\n<meta property=\"og:locale\" content=\"de_DE\" \/>\n<meta property=\"og:type\" content=\"article\" \/>\n<meta property=\"og:title\" content=\"Bailando beendet Saison mit gemeinsamer Hallen\u00fcbernachtung - Tanzen\" \/>\n<meta property=\"og:description\" content=\"Am 25. Mai traf sich die j\u00fcngste Gruppe der Abteilung mehr erfahren\" \/>\n<meta property=\"og:url\" content=\"https:\/\/www.tv-muenster.de\/tanzen\/2020\/07\/02\/bailando-beendet-saison-mit-gemeinsamer-hallenuebernachtung\/\" \/>\n<meta property=\"og:site_name\" content=\"Tanzen\" \/>\n<meta property=\"article:published_time\" content=\"2020-07-02T09:04:25+00:00\" \/>\n<meta property=\"og:image\" content=\"https:\/\/www.tv-muenster.de\/tanzen\/wp-content\/uploads\/sites\/6\/2020\/07\/image-2.jpg\" \/>\n\t<meta property=\"og:image:width\" content=\"418\" \/>\n\t<meta property=\"og:image:height\" content=\"557\" \/>\n\t<meta property=\"og:image:type\" content=\"image\/jpeg\" \/>\n<meta name=\"author\" content=\"dancecup\" \/>\n<meta name=\"twitter:card\" content=\"summary_large_image\" \/>\n<meta name=\"twitter:label1\" content=\"Geschrieben von\" \/>\n\t<meta name=\"twitter:data1\" content=\"dancecup\" \/>\n\t<meta name=\"twitter:label2\" content=\"Gesch\u00e4tzte Lesezeit\" \/>\n\t<meta name=\"twitter:data2\" content=\"2\u00a0Minuten\" \/>\n<script type=\"application\/ld+json\" class=\"yoast-schema-graph\">{\"@context\":\"https:\/\/schema.org\",\"@graph\":[{\"@type\":\"WebPage\",\"@id\":\"https:\/\/www.tv-muenster.de\/tanzen\/2020\/07\/02\/bailando-beendet-saison-mit-gemeinsamer-hallenuebernachtung\/\",\"url\":\"https:\/\/www.tv-muenster.de\/tanzen\/2020\/07\/02\/bailando-beendet-saison-mit-gemeinsamer-hallenuebernachtung\/\",\"name\":\"Bailando beendet Saison mit gemeinsamer Hallen\u00fcbernachtung - Tanzen\",\"isPartOf\":{\"@id\":\"https:\/\/www.tv-muenster.de\/tanzen\/#website\"},\"datePublished\":\"2020-07-02T09:04:25+00:00\",\"dateModified\":\"2020-07-02T09:04:25+00:00\",\"author\":{\"@id\":\"https:\/\/www.tv-muenster.de\/tanzen\/#\/schema\/person\/5bef8d5f256b9ee52ac4af2b865c2d2d\"},\"breadcrumb\":{\"@id\":\"https:\/\/www.tv-muenster.de\/tanzen\/2020\/07\/02\/bailando-beendet-saison-mit-gemeinsamer-hallenuebernachtung\/#breadcrumb\"},\"inLanguage\":\"de\",\"potentialAction\":[{\"@type\":\"ReadAction\",\"target\":[\"https:\/\/www.tv-muenster.de\/tanzen\/2020\/07\/02\/bailando-beendet-saison-mit-gemeinsamer-hallenuebernachtung\/\"]}]},{\"@type\":\"BreadcrumbList\",\"@id\":\"https:\/\/www.tv-muenster.de\/tanzen\/2020\/07\/02\/bailando-beendet-saison-mit-gemeinsamer-hallenuebernachtung\/#breadcrumb\",\"itemListElement\":[{\"@type\":\"ListItem\",\"position\":1,\"name\":\"Startseite\",\"item\":\"https:\/\/www.tv-muenster.de\/tanzen\/\"},{\"@type\":\"ListItem\",\"position\":2,\"name\":\"Bailando beendet Saison mit gemeinsamer Hallen\u00fcbernachtung\"}]},{\"@type\":\"WebSite\",\"@id\":\"https:\/\/www.tv-muenster.de\/tanzen\/#website\",\"url\":\"https:\/\/www.tv-muenster.de\/tanzen\/\",\"name\":\"Tanzen\",\"description\":\"Eine weitere Turnverein 1898 M\u00fcnster e.V. Website\",\"potentialAction\":[{\"@type\":\"SearchAction\",\"target\":{\"@type\":\"EntryPoint\",\"urlTemplate\":\"https:\/\/www.tv-muenster.de\/tanzen\/?s={search_term_string}\"},\"query-input\":\"required name=search_term_string\"}],\"inLanguage\":\"de\"},{\"@type\":\"Person\",\"@id\":\"https:\/\/www.tv-muenster.de\/tanzen\/#\/schema\/person\/5bef8d5f256b9ee52ac4af2b865c2d2d\",\"name\":\"dancecup\",\"image\":{\"@type\":\"ImageObject\",\"inLanguage\":\"de\",\"@id\":\"https:\/\/www.tv-muenster.de\/tanzen\/#\/schema\/person\/image\/\",\"url\":\"https:\/\/secure.gravatar.com\/avatar\/3d42b390c9f07a85e39f75ff9914823c?s=96&d=mm&r=g\",\"contentUrl\":\"https:\/\/secure.gravatar.com\/avatar\/3d42b390c9f07a85e39f75ff9914823c?s=96&d=mm&r=g\",\"caption\":\"dancecup\"},\"url\":\"https:\/\/www.tv-muenster.de\/tanzen\/author\/dancecup\/\"}]}<\/script>\n<!-- \/ Yoast SEO plugin. -->","yoast_head_json":{"title":"Bailando beendet Saison mit gemeinsamer Hallen\u00fcbernachtung - Tanzen","robots":{"index":"index","follow":"follow","max-snippet":"max-snippet:-1","max-image-preview":"max-image-preview:large","max-video-preview":"max-video-preview:-1"},"canonical":"https:\/\/www.tv-muenster.de\/tanzen\/2020\/07\/02\/bailando-beendet-saison-mit-gemeinsamer-hallenuebernachtung\/","og_locale":"de_DE","og_type":"article","og_title":"Bailando beendet Saison mit gemeinsamer Hallen\u00fcbernachtung - Tanzen","og_description":"Am 25. Mai traf sich die j\u00fcngste Gruppe der Abteilung mehr erfahren","og_url":"https:\/\/www.tv-muenster.de\/tanzen\/2020\/07\/02\/bailando-beendet-saison-mit-gemeinsamer-hallenuebernachtung\/","og_site_name":"Tanzen","article_published_time":"2020-07-02T09:04:25+00:00","og_image":[{"width":418,"height":557,"url":"https:\/\/www.tv-muenster.de\/tanzen\/wp-content\/uploads\/sites\/6\/2020\/07\/image-2.jpg","type":"image\/jpeg"}],"author":"dancecup","twitter_card":"summary_large_image","twitter_misc":{"Geschrieben von":"dancecup","Gesch\u00e4tzte Lesezeit":"2\u00a0Minuten"},"schema":{"@context":"https:\/\/schema.org","@graph":[{"@type":"WebPage","@id":"https:\/\/www.tv-muenster.de\/tanzen\/2020\/07\/02\/bailando-beendet-saison-mit-gemeinsamer-hallenuebernachtung\/","url":"https:\/\/www.tv-muenster.de\/tanzen\/2020\/07\/02\/bailando-beendet-saison-mit-gemeinsamer-hallenuebernachtung\/","name":"Bailando beendet Saison mit gemeinsamer Hallen\u00fcbernachtung - Tanzen","isPartOf":{"@id":"https:\/\/www.tv-muenster.de\/tanzen\/#website"},"datePublished":"2020-07-02T09:04:25+00:00","dateModified":"2020-07-02T09:04:25+00:00","author":{"@id":"https:\/\/www.tv-muenster.de\/tanzen\/#\/schema\/person\/5bef8d5f256b9ee52ac4af2b865c2d2d"},"breadcrumb":{"@id":"https:\/\/www.tv-muenster.de\/tanzen\/2020\/07\/02\/bailando-beendet-saison-mit-gemeinsamer-hallenuebernachtung\/#breadcrumb"},"inLanguage":"de","potentialAction":[{"@type":"ReadAction","target":["https:\/\/www.tv-muenster.de\/tanzen\/2020\/07\/02\/bailando-beendet-saison-mit-gemeinsamer-hallenuebernachtung\/"]}]},{"@type":"BreadcrumbList","@id":"https:\/\/www.tv-muenster.de\/tanzen\/2020\/07\/02\/bailando-beendet-saison-mit-gemeinsamer-hallenuebernachtung\/#breadcrumb","itemListElement":[{"@type":"ListItem","position":1,"name":"Startseite","item":"https:\/\/www.tv-muenster.de\/tanzen\/"},{"@type":"ListItem","position":2,"name":"Bailando beendet Saison mit gemeinsamer Hallen\u00fcbernachtung"}]},{"@type":"WebSite","@id":"https:\/\/www.tv-muenster.de\/tanzen\/#website","url":"https:\/\/www.tv-muenster.de\/tanzen\/","name":"Tanzen","description":"Eine weitere Turnverein 1898 M\u00fcnster e.V. Website","potentialAction":[{"@type":"SearchAction","target":{"@type":"EntryPoint","urlTemplate":"https:\/\/www.tv-muenster.de\/tanzen\/?s={search_term_string}"},"query-input":"required name=search_term_string"}],"inLanguage":"de"},{"@type":"Person","@id":"https:\/\/www.tv-muenster.de\/tanzen\/#\/schema\/person\/5bef8d5f256b9ee52ac4af2b865c2d2d","name":"dancecup","image":{"@type":"ImageObject","inLanguage":"de","@id":"https:\/\/www.tv-muenster.de\/tanzen\/#\/schema\/person\/image\/","url":"https:\/\/secure.gravatar.com\/avatar\/3d42b390c9f07a85e39f75ff9914823c?s=96&d=mm&r=g","contentUrl":"https:\/\/secure.gravatar.com\/avatar\/3d42b390c9f07a85e39f75ff9914823c?s=96&d=mm&r=g","caption":"dancecup"},"url":"https:\/\/www.tv-muenster.de\/tanzen\/author\/dancecup\/"}]}},"_links":{"self":[{"href":"https:\/\/www.tv-muenster.de\/tanzen\/wp-json\/wp\/v2\/posts\/1585"}],"collection":[{"href":"https:\/\/www.tv-muenster.de\/tanzen\/wp-json\/wp\/v2\/posts"}],"about":[{"href":"https:\/\/www.tv-muenster.de\/tanzen\/wp-json\/wp\/v2\/types\/post"}],"author":[{"embeddable":true,"href":"https:\/\/www.tv-muenster.de\/tanzen\/wp-json\/wp\/v2\/users\/10"}],"replies":[{"embeddable":true,"href":"https:\/\/www.tv-muenster.de\/tanzen\/wp-json\/wp\/v2\/comments?post=1585"}],"version-history":[{"count":1,"href":"https:\/\/www.tv-muenster.de\/tanzen\/wp-json\/wp\/v2\/posts\/1585\/revisions"}],"predecessor-version":[{"id":1587,"href":"https:\/\/www.tv-muenster.de\/tanzen\/wp-json\/wp\/v2\/posts\/1585\/revisions\/1587"}],"wp:featuredmedia":[{"embeddable":true,"href":"https:\/\/www.tv-muenster.de\/tanzen\/wp-json\/wp\/v2\/media\/1586"}],"wp:attachment":[{"href":"https:\/\/www.tv-muenster.de\/tanzen\/wp-json\/wp\/v2\/media?parent=1585"}],"wp:term":[{"taxonomy":"category","embeddable":true,"href":"https:\/\/www.tv-muenster.de\/tanzen\/wp-json\/wp\/v2\/categories?post=1585"},{"taxonomy":"post_tag","embeddable":true,"href":"https:\/\/www.tv-muenster.de\/tanzen\/wp-json\/wp\/v2\/tags?post=1585"}],"curies":[{"name":"wp","href":"https:\/\/api.w.org\/{rel}","templated":true}]}}