{"id":1591,"date":"2020-07-02T11:08:20","date_gmt":"2020-07-02T09:08:20","guid":{"rendered":"https:\/\/www.tv-muenster.de\/tanzen\/?p=1591"},"modified":"2020-07-02T11:08:20","modified_gmt":"2020-07-02T09:08:20","slug":"1-rundenwettkampf-dtb-dance-2019","status":"publish","type":"post","link":"https:\/\/www.tv-muenster.de\/tanzen\/2020\/07\/02\/1-rundenwettkampf-dtb-dance-2019\/","title":{"rendered":"1. Rundenwettkampf DTB Dance 2019"},"content":{"rendered":"<p dir=\"ltr\">Am Sonntag, dem 25. M\u00e4rz fand in Aschaffenburg der erste von drei DTB-Dance-Rundenwettk\u00e4mpfen statt. Rund 150 M\u00e4dchen und Frauen stellten sich in 13 Tanzteams einem spannenden Wettkampf. Leider musste die Gruppe Flexible Legs au\u00dfer Konkurrenz antreten. Beim Einturnen verletzte sich eine der sechs T\u00e4nzerinnen, in der von Nadine Ries trainierten Gruppe. Sie bekamen dennoch eine Wertung von 14,80 Punkten im WK6 (Erwachsene 18+). Die f\u00fcnf anderen Gruppen aus M\u00fcnster erreichten folgende Platzierungen:<\/p>\n<p dir=\"ltr\">WK2 (10 Jahre und j\u00fcnger):<\/p>\n<p dir=\"ltr\">2. Platz mit 10,65 Punkten: Bailando (Trainerinnen: Christiane Coutandin und Heike Strohfu\u00df)<\/p>\n<p dir=\"ltr\">WK4 (14 Jahre und j\u00fcnger):<\/p>\n<p dir=\"ltr\">2. Platz mit 13,00 Punkten: Delizia (Trainerinnen: Nadine Ries und Yvonne Rittel)<\/p>\n<p dir=\"ltr\">WK5 (Jugend\/12-18 Jahre):<\/p>\n<p dir=\"ltr\">1. Platz mit 15,45 Punkten: Diversity (Trainerin: Marion Dressel)<\/p>\n<p dir=\"ltr\">WK7 (Erwachsene 30+):<\/p>\n<p dir=\"ltr\">1. Platz mit 16,95 Punkten: zweipunktnull (Trainerin: Marion Dressel)<\/p>\n<p dir=\"ltr\">2. Platz mit 16,20 Punkten: Cascaya (Trainerinnen: Yvonne Rittel und Silke Hanke)<\/p>\n<p dir=\"ltr\"><img loading=\"lazy\" decoding=\"async\" class=\"alignnone size-medium wp-image-1592\" src=\"https:\/\/www.tv-muenster.de\/tanzen\/wp-content\/uploads\/sites\/6\/2020\/07\/image-3-287x300.jpg\" alt=\"\" width=\"287\" height=\"300\" srcset=\"https:\/\/www.tv-muenster.de\/tanzen\/wp-content\/uploads\/sites\/6\/2020\/07\/image-3-287x300.jpg 287w, https:\/\/www.tv-muenster.de\/tanzen\/wp-content\/uploads\/sites\/6\/2020\/07\/image-3.jpg 383w\" sizes=\"(max-width: 287px) 100vw, 287px\" \/><\/p>\n","protected":false},"excerpt":{"rendered":"<p>Am Sonntag, dem 25. M\u00e4rz fand in Aschaffenburg der erste <a class=\"moretag\" href=\"https:\/\/www.tv-muenster.de\/tanzen\/2020\/07\/02\/1-rundenwettkampf-dtb-dance-2019\/\"><br \/> <b>mehr erfahren<\/b><\/a><\/p>\n","protected":false},"author":10,"featured_media":1592,"comment_status":"open","ping_status":"open","sticky":false,"template":"","format":"standard","meta":{"footnotes":""},"categories":[1],"tags":[],"yoast_head":"<!-- This site is optimized with the Yoast SEO plugin v20.2.1 - https:\/\/yoast.com\/wordpress\/plugins\/seo\/ -->\n<title>1. Rundenwettkampf DTB Dance 2019 - Tanzen<\/title>\n<meta name=\"robots\" content=\"index, follow, max-snippet:-1, max-image-preview:large, max-video-preview:-1\" \/>\n<link rel=\"canonical\" href=\"https:\/\/www.tv-muenster.de\/tanzen\/2020\/07\/02\/1-rundenwettkampf-dtb-dance-2019\/\" \/>\n<meta property=\"og:locale\" content=\"de_DE\" \/>\n<meta property=\"og:type\" content=\"article\" \/>\n<meta property=\"og:title\" content=\"1. Rundenwettkampf DTB Dance 2019 - Tanzen\" \/>\n<meta property=\"og:description\" content=\"Am Sonntag, dem 25. M\u00e4rz fand in Aschaffenburg der erste mehr erfahren\" \/>\n<meta property=\"og:url\" content=\"https:\/\/www.tv-muenster.de\/tanzen\/2020\/07\/02\/1-rundenwettkampf-dtb-dance-2019\/\" \/>\n<meta property=\"og:site_name\" content=\"Tanzen\" \/>\n<meta property=\"article:published_time\" content=\"2020-07-02T09:08:20+00:00\" \/>\n<meta property=\"og:image\" content=\"https:\/\/www.tv-muenster.de\/tanzen\/wp-content\/uploads\/sites\/6\/2020\/07\/image-3.jpg\" \/>\n\t<meta property=\"og:image:width\" content=\"383\" \/>\n\t<meta property=\"og:image:height\" content=\"400\" \/>\n\t<meta property=\"og:image:type\" content=\"image\/jpeg\" \/>\n<meta name=\"author\" content=\"dancecup\" \/>\n<meta name=\"twitter:card\" content=\"summary_large_image\" \/>\n<meta name=\"twitter:label1\" content=\"Geschrieben von\" \/>\n\t<meta name=\"twitter:data1\" content=\"dancecup\" \/>\n\t<meta name=\"twitter:label2\" content=\"Gesch\u00e4tzte Lesezeit\" \/>\n\t<meta name=\"twitter:data2\" content=\"1\u00a0Minute\" \/>\n<script type=\"application\/ld+json\" class=\"yoast-schema-graph\">{\"@context\":\"https:\/\/schema.org\",\"@graph\":[{\"@type\":\"WebPage\",\"@id\":\"https:\/\/www.tv-muenster.de\/tanzen\/2020\/07\/02\/1-rundenwettkampf-dtb-dance-2019\/\",\"url\":\"https:\/\/www.tv-muenster.de\/tanzen\/2020\/07\/02\/1-rundenwettkampf-dtb-dance-2019\/\",\"name\":\"1. Rundenwettkampf DTB Dance 2019 - Tanzen\",\"isPartOf\":{\"@id\":\"https:\/\/www.tv-muenster.de\/tanzen\/#website\"},\"datePublished\":\"2020-07-02T09:08:20+00:00\",\"dateModified\":\"2020-07-02T09:08:20+00:00\",\"author\":{\"@id\":\"https:\/\/www.tv-muenster.de\/tanzen\/#\/schema\/person\/5bef8d5f256b9ee52ac4af2b865c2d2d\"},\"breadcrumb\":{\"@id\":\"https:\/\/www.tv-muenster.de\/tanzen\/2020\/07\/02\/1-rundenwettkampf-dtb-dance-2019\/#breadcrumb\"},\"inLanguage\":\"de\",\"potentialAction\":[{\"@type\":\"ReadAction\",\"target\":[\"https:\/\/www.tv-muenster.de\/tanzen\/2020\/07\/02\/1-rundenwettkampf-dtb-dance-2019\/\"]}]},{\"@type\":\"BreadcrumbList\",\"@id\":\"https:\/\/www.tv-muenster.de\/tanzen\/2020\/07\/02\/1-rundenwettkampf-dtb-dance-2019\/#breadcrumb\",\"itemListElement\":[{\"@type\":\"ListItem\",\"position\":1,\"name\":\"Startseite\",\"item\":\"https:\/\/www.tv-muenster.de\/tanzen\/\"},{\"@type\":\"ListItem\",\"position\":2,\"name\":\"1. Rundenwettkampf DTB Dance 2019\"}]},{\"@type\":\"WebSite\",\"@id\":\"https:\/\/www.tv-muenster.de\/tanzen\/#website\",\"url\":\"https:\/\/www.tv-muenster.de\/tanzen\/\",\"name\":\"Tanzen\",\"description\":\"Eine weitere Turnverein 1898 M\u00fcnster e.V. Website\",\"potentialAction\":[{\"@type\":\"SearchAction\",\"target\":{\"@type\":\"EntryPoint\",\"urlTemplate\":\"https:\/\/www.tv-muenster.de\/tanzen\/?s={search_term_string}\"},\"query-input\":\"required name=search_term_string\"}],\"inLanguage\":\"de\"},{\"@type\":\"Person\",\"@id\":\"https:\/\/www.tv-muenster.de\/tanzen\/#\/schema\/person\/5bef8d5f256b9ee52ac4af2b865c2d2d\",\"name\":\"dancecup\",\"image\":{\"@type\":\"ImageObject\",\"inLanguage\":\"de\",\"@id\":\"https:\/\/www.tv-muenster.de\/tanzen\/#\/schema\/person\/image\/\",\"url\":\"https:\/\/secure.gravatar.com\/avatar\/3d42b390c9f07a85e39f75ff9914823c?s=96&d=mm&r=g\",\"contentUrl\":\"https:\/\/secure.gravatar.com\/avatar\/3d42b390c9f07a85e39f75ff9914823c?s=96&d=mm&r=g\",\"caption\":\"dancecup\"},\"url\":\"https:\/\/www.tv-muenster.de\/tanzen\/author\/dancecup\/\"}]}<\/script>\n<!-- \/ Yoast SEO plugin. -->","yoast_head_json":{"title":"1. Rundenwettkampf DTB Dance 2019 - Tanzen","robots":{"index":"index","follow":"follow","max-snippet":"max-snippet:-1","max-image-preview":"max-image-preview:large","max-video-preview":"max-video-preview:-1"},"canonical":"https:\/\/www.tv-muenster.de\/tanzen\/2020\/07\/02\/1-rundenwettkampf-dtb-dance-2019\/","og_locale":"de_DE","og_type":"article","og_title":"1. Rundenwettkampf DTB Dance 2019 - Tanzen","og_description":"Am Sonntag, dem 25. M\u00e4rz fand in Aschaffenburg der erste mehr erfahren","og_url":"https:\/\/www.tv-muenster.de\/tanzen\/2020\/07\/02\/1-rundenwettkampf-dtb-dance-2019\/","og_site_name":"Tanzen","article_published_time":"2020-07-02T09:08:20+00:00","og_image":[{"width":383,"height":400,"url":"https:\/\/www.tv-muenster.de\/tanzen\/wp-content\/uploads\/sites\/6\/2020\/07\/image-3.jpg","type":"image\/jpeg"}],"author":"dancecup","twitter_card":"summary_large_image","twitter_misc":{"Geschrieben von":"dancecup","Gesch\u00e4tzte Lesezeit":"1\u00a0Minute"},"schema":{"@context":"https:\/\/schema.org","@graph":[{"@type":"WebPage","@id":"https:\/\/www.tv-muenster.de\/tanzen\/2020\/07\/02\/1-rundenwettkampf-dtb-dance-2019\/","url":"https:\/\/www.tv-muenster.de\/tanzen\/2020\/07\/02\/1-rundenwettkampf-dtb-dance-2019\/","name":"1. Rundenwettkampf DTB Dance 2019 - Tanzen","isPartOf":{"@id":"https:\/\/www.tv-muenster.de\/tanzen\/#website"},"datePublished":"2020-07-02T09:08:20+00:00","dateModified":"2020-07-02T09:08:20+00:00","author":{"@id":"https:\/\/www.tv-muenster.de\/tanzen\/#\/schema\/person\/5bef8d5f256b9ee52ac4af2b865c2d2d"},"breadcrumb":{"@id":"https:\/\/www.tv-muenster.de\/tanzen\/2020\/07\/02\/1-rundenwettkampf-dtb-dance-2019\/#breadcrumb"},"inLanguage":"de","potentialAction":[{"@type":"ReadAction","target":["https:\/\/www.tv-muenster.de\/tanzen\/2020\/07\/02\/1-rundenwettkampf-dtb-dance-2019\/"]}]},{"@type":"BreadcrumbList","@id":"https:\/\/www.tv-muenster.de\/tanzen\/2020\/07\/02\/1-rundenwettkampf-dtb-dance-2019\/#breadcrumb","itemListElement":[{"@type":"ListItem","position":1,"name":"Startseite","item":"https:\/\/www.tv-muenster.de\/tanzen\/"},{"@type":"ListItem","position":2,"name":"1. Rundenwettkampf DTB Dance 2019"}]},{"@type":"WebSite","@id":"https:\/\/www.tv-muenster.de\/tanzen\/#website","url":"https:\/\/www.tv-muenster.de\/tanzen\/","name":"Tanzen","description":"Eine weitere Turnverein 1898 M\u00fcnster e.V. Website","potentialAction":[{"@type":"SearchAction","target":{"@type":"EntryPoint","urlTemplate":"https:\/\/www.tv-muenster.de\/tanzen\/?s={search_term_string}"},"query-input":"required name=search_term_string"}],"inLanguage":"de"},{"@type":"Person","@id":"https:\/\/www.tv-muenster.de\/tanzen\/#\/schema\/person\/5bef8d5f256b9ee52ac4af2b865c2d2d","name":"dancecup","image":{"@type":"ImageObject","inLanguage":"de","@id":"https:\/\/www.tv-muenster.de\/tanzen\/#\/schema\/person\/image\/","url":"https:\/\/secure.gravatar.com\/avatar\/3d42b390c9f07a85e39f75ff9914823c?s=96&d=mm&r=g","contentUrl":"https:\/\/secure.gravatar.com\/avatar\/3d42b390c9f07a85e39f75ff9914823c?s=96&d=mm&r=g","caption":"dancecup"},"url":"https:\/\/www.tv-muenster.de\/tanzen\/author\/dancecup\/"}]}},"_links":{"self":[{"href":"https:\/\/www.tv-muenster.de\/tanzen\/wp-json\/wp\/v2\/posts\/1591"}],"collection":[{"href":"https:\/\/www.tv-muenster.de\/tanzen\/wp-json\/wp\/v2\/posts"}],"about":[{"href":"https:\/\/www.tv-muenster.de\/tanzen\/wp-json\/wp\/v2\/types\/post"}],"author":[{"embeddable":true,"href":"https:\/\/www.tv-muenster.de\/tanzen\/wp-json\/wp\/v2\/users\/10"}],"replies":[{"embeddable":true,"href":"https:\/\/www.tv-muenster.de\/tanzen\/wp-json\/wp\/v2\/comments?post=1591"}],"version-history":[{"count":1,"href":"https:\/\/www.tv-muenster.de\/tanzen\/wp-json\/wp\/v2\/posts\/1591\/revisions"}],"predecessor-version":[{"id":1593,"href":"https:\/\/www.tv-muenster.de\/tanzen\/wp-json\/wp\/v2\/posts\/1591\/revisions\/1593"}],"wp:featuredmedia":[{"embeddable":true,"href":"https:\/\/www.tv-muenster.de\/tanzen\/wp-json\/wp\/v2\/media\/1592"}],"wp:attachment":[{"href":"https:\/\/www.tv-muenster.de\/tanzen\/wp-json\/wp\/v2\/media?parent=1591"}],"wp:term":[{"taxonomy":"category","embeddable":true,"href":"https:\/\/www.tv-muenster.de\/tanzen\/wp-json\/wp\/v2\/categories?post=1591"},{"taxonomy":"post_tag","embeddable":true,"href":"https:\/\/www.tv-muenster.de\/tanzen\/wp-json\/wp\/v2\/tags?post=1591"}],"curies":[{"name":"wp","href":"https:\/\/api.w.org\/{rel}","templated":true}]}}