{"id":1594,"date":"2020-07-02T11:11:05","date_gmt":"2020-07-02T09:11:05","guid":{"rendered":"https:\/\/www.tv-muenster.de\/tanzen\/?p=1594"},"modified":"2020-07-02T11:11:05","modified_gmt":"2020-07-02T09:11:05","slug":"gelungener-saisonauftakt-der-jazz-und-modern-dance-gruppe-restart","status":"publish","type":"post","link":"https:\/\/www.tv-muenster.de\/tanzen\/2020\/07\/02\/gelungener-saisonauftakt-der-jazz-und-modern-dance-gruppe-restart\/","title":{"rendered":"Gelungener Saisonauftakt der Jazz- und Modern Dance Gruppe \u201erestart\u201c!"},"content":{"rendered":"<p>Am vergangenen Sonntag fand das Auftaktturnier der diesj\u00e4hrigen Jazz- und Modern Dance Turniersaison in B\u00fcrstadt statt. Die Gruppe \u201erestart\u201c, die seit dem vergangenen Jahr in der Oberliga tanzt, ist dieses Jahr mit einer neuen Choreografie zum Soundtrack von Mission Impossible am Start. Neben neuen Hebungen, ausgefallenen Bewegungsfolgen und originellen Spr\u00fcngen stellt auch die ausdrucksstarke Musik, die es nicht nur mit Mimik &amp; Gestik zu vertanzen gilt, eine spannende und neue Herausforderung f\u00fcr die T\u00e4nzerinnen dar. Der krankheitsbedingte Ausfall einer T\u00e4nzerin verlangte einen Abend vor dem Turnier noch einmal extra Trainingsstunden und den Einsatz einer T\u00e4nzerin, die in wenigen Stunden einen neuen Platz in der Formation lernen musste. Die gesamte Gruppe trainierte noch bis wenige Stunden vor Wettkampfbeginn, \u00e4nderten Formationen und Partnerteile und legten damit jedoch einen gelungenen Saisonauftakt hin: Erstmalig erreichten sie in der Oberliga das \u201egro\u00dfe Finale\u201c, den Kampf um die vorderen Pl\u00e4tze. Die Wertungen der insgesamt 5 Kampfrichter variierten bei der Punktevergabe stark \u2013 so bekamen sie von den Kampfrichtern sowohl den 6., 5. und 4. Platz zugeordnet, w\u00e4hrend eine Kampfrichterin die Gruppe sogar auf Platz 1 aller Formationen sah! Insgesamt sicherten sie sich damit einen guten 5. Platz.<\/p>\n<p>&nbsp;<\/p>\n<p>Das n\u00e4chste Turnier findet am Samstag, den 23.03.19 in Wetzlar statt.<\/p>\n<p>&nbsp;<\/p>\n<p>T\u00e4nzerinnen: Franziska Beck, Nadja Becker, Michelle B\u00fcrner, Alisha D`Arelli, Nadja F\u00e4th, Miriam Funck, Tina Iantorno, Maike Irmer, Nicole Lawnik, Sonja Ortner, Jolene Schm\u00fccker, Lisa Staudt, Isabelle Tulezi und Michelle Weigand.<\/p>\n<p>&nbsp;<\/p>\n<p>Trainiert wird die Gruppe von Saskia F\u00fcger-Schiller und Alisha D`Arelli.<\/p>\n<p>&nbsp;<\/p>\n<p><img loading=\"lazy\" decoding=\"async\" class=\"alignnone size-medium wp-image-1595\" src=\"https:\/\/www.tv-muenster.de\/tanzen\/wp-content\/uploads\/sites\/6\/2020\/07\/image-4-300x169.jpg\" alt=\"\" width=\"300\" height=\"169\" srcset=\"https:\/\/www.tv-muenster.de\/tanzen\/wp-content\/uploads\/sites\/6\/2020\/07\/image-4-300x169.jpg 300w, https:\/\/www.tv-muenster.de\/tanzen\/wp-content\/uploads\/sites\/6\/2020\/07\/image-4.jpg 578w\" sizes=\"(max-width: 300px) 100vw, 300px\" \/><\/p>\n","protected":false},"excerpt":{"rendered":"<p>Am vergangenen Sonntag fand das Auftaktturnier der diesj\u00e4hrigen Jazz- und <a class=\"moretag\" href=\"https:\/\/www.tv-muenster.de\/tanzen\/2020\/07\/02\/gelungener-saisonauftakt-der-jazz-und-modern-dance-gruppe-restart\/\"><br \/> <b>mehr erfahren<\/b><\/a><\/p>\n","protected":false},"author":10,"featured_media":1595,"comment_status":"open","ping_status":"open","sticky":false,"template":"","format":"standard","meta":{"footnotes":""},"categories":[1],"tags":[],"yoast_head":"<!-- This site is optimized with the Yoast SEO plugin v20.2.1 - https:\/\/yoast.com\/wordpress\/plugins\/seo\/ -->\n<title>Gelungener Saisonauftakt der Jazz- und Modern Dance Gruppe \u201erestart\u201c! - Tanzen<\/title>\n<meta name=\"robots\" content=\"index, follow, max-snippet:-1, max-image-preview:large, max-video-preview:-1\" \/>\n<link rel=\"canonical\" href=\"https:\/\/www.tv-muenster.de\/tanzen\/2020\/07\/02\/gelungener-saisonauftakt-der-jazz-und-modern-dance-gruppe-restart\/\" \/>\n<meta property=\"og:locale\" content=\"de_DE\" \/>\n<meta property=\"og:type\" content=\"article\" \/>\n<meta property=\"og:title\" content=\"Gelungener Saisonauftakt der Jazz- und Modern Dance Gruppe \u201erestart\u201c! - Tanzen\" \/>\n<meta property=\"og:description\" content=\"Am vergangenen Sonntag fand das Auftaktturnier der diesj\u00e4hrigen Jazz- und mehr erfahren\" \/>\n<meta property=\"og:url\" content=\"https:\/\/www.tv-muenster.de\/tanzen\/2020\/07\/02\/gelungener-saisonauftakt-der-jazz-und-modern-dance-gruppe-restart\/\" \/>\n<meta property=\"og:site_name\" content=\"Tanzen\" \/>\n<meta property=\"article:published_time\" content=\"2020-07-02T09:11:05+00:00\" \/>\n<meta property=\"og:image\" content=\"https:\/\/www.tv-muenster.de\/tanzen\/wp-content\/uploads\/sites\/6\/2020\/07\/image-4.jpg\" \/>\n\t<meta property=\"og:image:width\" content=\"578\" \/>\n\t<meta property=\"og:image:height\" content=\"325\" \/>\n\t<meta property=\"og:image:type\" content=\"image\/jpeg\" \/>\n<meta name=\"author\" content=\"dancecup\" \/>\n<meta name=\"twitter:card\" content=\"summary_large_image\" \/>\n<meta name=\"twitter:label1\" content=\"Geschrieben von\" \/>\n\t<meta name=\"twitter:data1\" content=\"dancecup\" \/>\n\t<meta name=\"twitter:label2\" content=\"Gesch\u00e4tzte Lesezeit\" \/>\n\t<meta name=\"twitter:data2\" content=\"1\u00a0Minute\" \/>\n<script type=\"application\/ld+json\" class=\"yoast-schema-graph\">{\"@context\":\"https:\/\/schema.org\",\"@graph\":[{\"@type\":\"WebPage\",\"@id\":\"https:\/\/www.tv-muenster.de\/tanzen\/2020\/07\/02\/gelungener-saisonauftakt-der-jazz-und-modern-dance-gruppe-restart\/\",\"url\":\"https:\/\/www.tv-muenster.de\/tanzen\/2020\/07\/02\/gelungener-saisonauftakt-der-jazz-und-modern-dance-gruppe-restart\/\",\"name\":\"Gelungener Saisonauftakt der Jazz- und Modern Dance Gruppe \u201erestart\u201c! - Tanzen\",\"isPartOf\":{\"@id\":\"https:\/\/www.tv-muenster.de\/tanzen\/#website\"},\"datePublished\":\"2020-07-02T09:11:05+00:00\",\"dateModified\":\"2020-07-02T09:11:05+00:00\",\"author\":{\"@id\":\"https:\/\/www.tv-muenster.de\/tanzen\/#\/schema\/person\/5bef8d5f256b9ee52ac4af2b865c2d2d\"},\"breadcrumb\":{\"@id\":\"https:\/\/www.tv-muenster.de\/tanzen\/2020\/07\/02\/gelungener-saisonauftakt-der-jazz-und-modern-dance-gruppe-restart\/#breadcrumb\"},\"inLanguage\":\"de\",\"potentialAction\":[{\"@type\":\"ReadAction\",\"target\":[\"https:\/\/www.tv-muenster.de\/tanzen\/2020\/07\/02\/gelungener-saisonauftakt-der-jazz-und-modern-dance-gruppe-restart\/\"]}]},{\"@type\":\"BreadcrumbList\",\"@id\":\"https:\/\/www.tv-muenster.de\/tanzen\/2020\/07\/02\/gelungener-saisonauftakt-der-jazz-und-modern-dance-gruppe-restart\/#breadcrumb\",\"itemListElement\":[{\"@type\":\"ListItem\",\"position\":1,\"name\":\"Startseite\",\"item\":\"https:\/\/www.tv-muenster.de\/tanzen\/\"},{\"@type\":\"ListItem\",\"position\":2,\"name\":\"Gelungener Saisonauftakt der Jazz- und Modern Dance Gruppe \u201erestart\u201c!\"}]},{\"@type\":\"WebSite\",\"@id\":\"https:\/\/www.tv-muenster.de\/tanzen\/#website\",\"url\":\"https:\/\/www.tv-muenster.de\/tanzen\/\",\"name\":\"Tanzen\",\"description\":\"Eine weitere Turnverein 1898 M\u00fcnster e.V. Website\",\"potentialAction\":[{\"@type\":\"SearchAction\",\"target\":{\"@type\":\"EntryPoint\",\"urlTemplate\":\"https:\/\/www.tv-muenster.de\/tanzen\/?s={search_term_string}\"},\"query-input\":\"required name=search_term_string\"}],\"inLanguage\":\"de\"},{\"@type\":\"Person\",\"@id\":\"https:\/\/www.tv-muenster.de\/tanzen\/#\/schema\/person\/5bef8d5f256b9ee52ac4af2b865c2d2d\",\"name\":\"dancecup\",\"image\":{\"@type\":\"ImageObject\",\"inLanguage\":\"de\",\"@id\":\"https:\/\/www.tv-muenster.de\/tanzen\/#\/schema\/person\/image\/\",\"url\":\"https:\/\/secure.gravatar.com\/avatar\/3d42b390c9f07a85e39f75ff9914823c?s=96&d=mm&r=g\",\"contentUrl\":\"https:\/\/secure.gravatar.com\/avatar\/3d42b390c9f07a85e39f75ff9914823c?s=96&d=mm&r=g\",\"caption\":\"dancecup\"},\"url\":\"https:\/\/www.tv-muenster.de\/tanzen\/author\/dancecup\/\"}]}<\/script>\n<!-- \/ Yoast SEO plugin. -->","yoast_head_json":{"title":"Gelungener Saisonauftakt der Jazz- und Modern Dance Gruppe \u201erestart\u201c! - Tanzen","robots":{"index":"index","follow":"follow","max-snippet":"max-snippet:-1","max-image-preview":"max-image-preview:large","max-video-preview":"max-video-preview:-1"},"canonical":"https:\/\/www.tv-muenster.de\/tanzen\/2020\/07\/02\/gelungener-saisonauftakt-der-jazz-und-modern-dance-gruppe-restart\/","og_locale":"de_DE","og_type":"article","og_title":"Gelungener Saisonauftakt der Jazz- und Modern Dance Gruppe \u201erestart\u201c! - Tanzen","og_description":"Am vergangenen Sonntag fand das Auftaktturnier der diesj\u00e4hrigen Jazz- und mehr erfahren","og_url":"https:\/\/www.tv-muenster.de\/tanzen\/2020\/07\/02\/gelungener-saisonauftakt-der-jazz-und-modern-dance-gruppe-restart\/","og_site_name":"Tanzen","article_published_time":"2020-07-02T09:11:05+00:00","og_image":[{"width":578,"height":325,"url":"https:\/\/www.tv-muenster.de\/tanzen\/wp-content\/uploads\/sites\/6\/2020\/07\/image-4.jpg","type":"image\/jpeg"}],"author":"dancecup","twitter_card":"summary_large_image","twitter_misc":{"Geschrieben von":"dancecup","Gesch\u00e4tzte Lesezeit":"1\u00a0Minute"},"schema":{"@context":"https:\/\/schema.org","@graph":[{"@type":"WebPage","@id":"https:\/\/www.tv-muenster.de\/tanzen\/2020\/07\/02\/gelungener-saisonauftakt-der-jazz-und-modern-dance-gruppe-restart\/","url":"https:\/\/www.tv-muenster.de\/tanzen\/2020\/07\/02\/gelungener-saisonauftakt-der-jazz-und-modern-dance-gruppe-restart\/","name":"Gelungener Saisonauftakt der Jazz- und Modern Dance Gruppe \u201erestart\u201c! - Tanzen","isPartOf":{"@id":"https:\/\/www.tv-muenster.de\/tanzen\/#website"},"datePublished":"2020-07-02T09:11:05+00:00","dateModified":"2020-07-02T09:11:05+00:00","author":{"@id":"https:\/\/www.tv-muenster.de\/tanzen\/#\/schema\/person\/5bef8d5f256b9ee52ac4af2b865c2d2d"},"breadcrumb":{"@id":"https:\/\/www.tv-muenster.de\/tanzen\/2020\/07\/02\/gelungener-saisonauftakt-der-jazz-und-modern-dance-gruppe-restart\/#breadcrumb"},"inLanguage":"de","potentialAction":[{"@type":"ReadAction","target":["https:\/\/www.tv-muenster.de\/tanzen\/2020\/07\/02\/gelungener-saisonauftakt-der-jazz-und-modern-dance-gruppe-restart\/"]}]},{"@type":"BreadcrumbList","@id":"https:\/\/www.tv-muenster.de\/tanzen\/2020\/07\/02\/gelungener-saisonauftakt-der-jazz-und-modern-dance-gruppe-restart\/#breadcrumb","itemListElement":[{"@type":"ListItem","position":1,"name":"Startseite","item":"https:\/\/www.tv-muenster.de\/tanzen\/"},{"@type":"ListItem","position":2,"name":"Gelungener Saisonauftakt der Jazz- und Modern Dance Gruppe \u201erestart\u201c!"}]},{"@type":"WebSite","@id":"https:\/\/www.tv-muenster.de\/tanzen\/#website","url":"https:\/\/www.tv-muenster.de\/tanzen\/","name":"Tanzen","description":"Eine weitere Turnverein 1898 M\u00fcnster e.V. Website","potentialAction":[{"@type":"SearchAction","target":{"@type":"EntryPoint","urlTemplate":"https:\/\/www.tv-muenster.de\/tanzen\/?s={search_term_string}"},"query-input":"required name=search_term_string"}],"inLanguage":"de"},{"@type":"Person","@id":"https:\/\/www.tv-muenster.de\/tanzen\/#\/schema\/person\/5bef8d5f256b9ee52ac4af2b865c2d2d","name":"dancecup","image":{"@type":"ImageObject","inLanguage":"de","@id":"https:\/\/www.tv-muenster.de\/tanzen\/#\/schema\/person\/image\/","url":"https:\/\/secure.gravatar.com\/avatar\/3d42b390c9f07a85e39f75ff9914823c?s=96&d=mm&r=g","contentUrl":"https:\/\/secure.gravatar.com\/avatar\/3d42b390c9f07a85e39f75ff9914823c?s=96&d=mm&r=g","caption":"dancecup"},"url":"https:\/\/www.tv-muenster.de\/tanzen\/author\/dancecup\/"}]}},"_links":{"self":[{"href":"https:\/\/www.tv-muenster.de\/tanzen\/wp-json\/wp\/v2\/posts\/1594"}],"collection":[{"href":"https:\/\/www.tv-muenster.de\/tanzen\/wp-json\/wp\/v2\/posts"}],"about":[{"href":"https:\/\/www.tv-muenster.de\/tanzen\/wp-json\/wp\/v2\/types\/post"}],"author":[{"embeddable":true,"href":"https:\/\/www.tv-muenster.de\/tanzen\/wp-json\/wp\/v2\/users\/10"}],"replies":[{"embeddable":true,"href":"https:\/\/www.tv-muenster.de\/tanzen\/wp-json\/wp\/v2\/comments?post=1594"}],"version-history":[{"count":1,"href":"https:\/\/www.tv-muenster.de\/tanzen\/wp-json\/wp\/v2\/posts\/1594\/revisions"}],"predecessor-version":[{"id":1596,"href":"https:\/\/www.tv-muenster.de\/tanzen\/wp-json\/wp\/v2\/posts\/1594\/revisions\/1596"}],"wp:featuredmedia":[{"embeddable":true,"href":"https:\/\/www.tv-muenster.de\/tanzen\/wp-json\/wp\/v2\/media\/1595"}],"wp:attachment":[{"href":"https:\/\/www.tv-muenster.de\/tanzen\/wp-json\/wp\/v2\/media?parent=1594"}],"wp:term":[{"taxonomy":"category","embeddable":true,"href":"https:\/\/www.tv-muenster.de\/tanzen\/wp-json\/wp\/v2\/categories?post=1594"},{"taxonomy":"post_tag","embeddable":true,"href":"https:\/\/www.tv-muenster.de\/tanzen\/wp-json\/wp\/v2\/tags?post=1594"}],"curies":[{"name":"wp","href":"https:\/\/api.w.org\/{rel}","templated":true}]}}