{"id":1599,"date":"2020-07-02T11:14:37","date_gmt":"2020-07-02T09:14:37","guid":{"rendered":"https:\/\/www.tv-muenster.de\/tanzen\/?p=1599"},"modified":"2020-07-02T11:14:37","modified_gmt":"2020-07-02T09:14:37","slug":"restart-sichert-sich-erneut-den-platz-in-der-oberliga-2018-2019","status":"publish","type":"post","link":"https:\/\/www.tv-muenster.de\/tanzen\/2020\/07\/02\/restart-sichert-sich-erneut-den-platz-in-der-oberliga-2018-2019\/","title":{"rendered":"Restart sichert sich erneut den Platz in der Oberliga 2018\/2019"},"content":{"rendered":"<div id=\"cc-m-14065742223\" class=\"j-module n j-text \">\n<p>Unsere Gruppe \u201erestart!\u201c vom TV 1898 M\u00fcnster e.V. hat sich vor einigen Jahren f\u00fcr einen neuen t\u00e4nzerischen Weg entschieden und tritt nun bereits seit 4 Jahren im Turnierbereich des Tanzsportverbands an. Das Trainerteam, Kristin Seib und Saskia F\u00fcger-Schiller, versprachen sich von diesem Wechsel bei der Erarbeitung von Choreographien kreativer sein und individuelle Bewegungsm\u00f6glichkeiten der T\u00e4nzerinnen nutzen und ausbauen zu k\u00f6nnen. Au\u00dferdem sollte der Turnierbetrieb, bei dem es nach 4 Turnieren pro Saison zu Auf- und Abstiegen in den Ligen kommt, Spannung, Motivation und neuen Schwung in die Tanzgruppe bringen.<\/p>\n<p>&nbsp;<\/p>\n<p>Unsere seit bereits 16 Jahren bestehende Gruppe setzte die neue, offenere \u201eTanzart\u201c sehr gut um und schlug sich erfolgreich sodass sie bereits im zweiten Jahr den Aufstieg von der Landesliga in die Verbandsliga schafften. Choreographien mit neu entwickelten Drehfolgen, Spr\u00fcngen und Hebefiguren begeisterten auch die Kampfrichter. Als wir im vergangenen Jahr dann sogar f\u00fcr die Oberliga nominiert wurden, kamen wir jedoch sowohl terminlich, als auch personell -nicht nur beim Tanzen -, sondern auch organisatorisch ins Schwitzen. Mit gro\u00dfem Respekt vor der neuen Liga, chronischer Unterbesetzung und au\u00dferdem leider einigen Verletzten tanzten wir uns jedoch auch in diesem Jahr tapfer durch die Oberliga und auch wenn es bis zum letzten Turnier spannend blieb: Wir konnten unseren Platz in der Oberliga auch f\u00fcr die kommende Saison sichern!<\/p>\n<p>&nbsp;<\/p>\n<p>Neben den Freudentr\u00e4nen, die nach einer aufregenden Saison mit enormen Druck vor Freude und Erleichterung nach dem letzten Turnier nicht mehr aufzuhalten waren, gab es leider noch einen weiteren Grund Tr\u00e4nen zu vergie\u00dfen: Nach 16 Jahren k\u00fcndigt Kristin Seib aus famili\u00e4ren und zeitlichen Gr\u00fcnden den Ausstieg aus dem Trainerteam an, was die T\u00e4nzerinnen und Mittrainerin sehr bedauern.<\/p>\n<p>Die Gruppe restart, die weiterhin von Saskia trainiert werden wird, bedankt sich hiermit von ganzem Herzen: F\u00fcr 16 Jahre und somit tausende gemeinsam verbrachte Stunden in der Halle, auf Turnieren, Turnfesten und Feiern, aufregende Siegerehrungen, Muskelkater, viele Medaillen und Pokale, deine Motivation und Begeisterung, dein offenes Ohr, dein Ehrgeiz und positiver Blick, f\u00fcr viele gemeinsam weggesteckte Frustrationen sowie noch viel mehr gl\u00fcckliche und emotionale Momente, deinen Mut f\u00fcr Neues, deine Ideen und konstruktive Kritik und \u00a0vor allem daf\u00fcr, dass du so viel deiner Freizeit in unsere Gruppe gesteckt hast! Danke! Wir lassen dich nur mit schweren Herzen gehen und werden die Zeit mit dir niemals vergessen, werden dich vermissen und werden die T\u00fcr f\u00fcr dich immer offen halten!!!<\/p>\n<p><img loading=\"lazy\" decoding=\"async\" class=\"alignnone size-medium wp-image-1601\" src=\"https:\/\/www.tv-muenster.de\/tanzen\/wp-content\/uploads\/sites\/6\/2020\/07\/image-5-300x225.jpg\" alt=\"\" width=\"300\" height=\"225\" srcset=\"https:\/\/www.tv-muenster.de\/tanzen\/wp-content\/uploads\/sites\/6\/2020\/07\/image-5-300x225.jpg 300w, https:\/\/www.tv-muenster.de\/tanzen\/wp-content\/uploads\/sites\/6\/2020\/07\/image-5.jpg 646w\" sizes=\"(max-width: 300px) 100vw, 300px\" \/><img loading=\"lazy\" decoding=\"async\" class=\"alignnone size-medium wp-image-1600\" src=\"https:\/\/www.tv-muenster.de\/tanzen\/wp-content\/uploads\/sites\/6\/2020\/07\/imag2e-300x243.jpg\" alt=\"\" width=\"300\" height=\"243\" srcset=\"https:\/\/www.tv-muenster.de\/tanzen\/wp-content\/uploads\/sites\/6\/2020\/07\/imag2e-300x243.jpg 300w, https:\/\/www.tv-muenster.de\/tanzen\/wp-content\/uploads\/sites\/6\/2020\/07\/imag2e.jpg 648w\" sizes=\"(max-width: 300px) 100vw, 300px\" \/><\/p>\n<\/div>\n","protected":false},"excerpt":{"rendered":"<p>Unsere Gruppe \u201erestart!\u201c vom TV 1898 M\u00fcnster e.V. hat sich <a class=\"moretag\" href=\"https:\/\/www.tv-muenster.de\/tanzen\/2020\/07\/02\/restart-sichert-sich-erneut-den-platz-in-der-oberliga-2018-2019\/\"><br \/> <b>mehr erfahren<\/b><\/a><\/p>\n","protected":false},"author":10,"featured_media":1600,"comment_status":"open","ping_status":"open","sticky":false,"template":"","format":"standard","meta":{"footnotes":""},"categories":[1],"tags":[],"yoast_head":"<!-- This site is optimized with the Yoast SEO plugin v20.2.1 - https:\/\/yoast.com\/wordpress\/plugins\/seo\/ -->\n<title>Restart sichert sich erneut den Platz in der Oberliga 2018\/2019 - Tanzen<\/title>\n<meta name=\"robots\" content=\"index, follow, max-snippet:-1, max-image-preview:large, max-video-preview:-1\" \/>\n<link rel=\"canonical\" href=\"https:\/\/www.tv-muenster.de\/tanzen\/2020\/07\/02\/restart-sichert-sich-erneut-den-platz-in-der-oberliga-2018-2019\/\" \/>\n<meta property=\"og:locale\" content=\"de_DE\" \/>\n<meta property=\"og:type\" content=\"article\" \/>\n<meta property=\"og:title\" content=\"Restart sichert sich erneut den Platz in der Oberliga 2018\/2019 - Tanzen\" \/>\n<meta property=\"og:description\" content=\"Unsere Gruppe \u201erestart!\u201c vom TV 1898 M\u00fcnster e.V. hat sich mehr erfahren\" \/>\n<meta property=\"og:url\" content=\"https:\/\/www.tv-muenster.de\/tanzen\/2020\/07\/02\/restart-sichert-sich-erneut-den-platz-in-der-oberliga-2018-2019\/\" \/>\n<meta property=\"og:site_name\" content=\"Tanzen\" \/>\n<meta property=\"article:published_time\" content=\"2020-07-02T09:14:37+00:00\" \/>\n<meta property=\"og:image\" content=\"https:\/\/www.tv-muenster.de\/tanzen\/wp-content\/uploads\/sites\/6\/2020\/07\/imag2e.jpg\" \/>\n\t<meta property=\"og:image:width\" content=\"648\" \/>\n\t<meta property=\"og:image:height\" content=\"525\" \/>\n\t<meta property=\"og:image:type\" content=\"image\/jpeg\" \/>\n<meta name=\"author\" content=\"dancecup\" \/>\n<meta name=\"twitter:card\" content=\"summary_large_image\" \/>\n<meta name=\"twitter:label1\" content=\"Geschrieben von\" \/>\n\t<meta name=\"twitter:data1\" content=\"dancecup\" \/>\n\t<meta name=\"twitter:label2\" content=\"Gesch\u00e4tzte Lesezeit\" \/>\n\t<meta name=\"twitter:data2\" content=\"2\u00a0Minuten\" \/>\n<script type=\"application\/ld+json\" class=\"yoast-schema-graph\">{\"@context\":\"https:\/\/schema.org\",\"@graph\":[{\"@type\":\"WebPage\",\"@id\":\"https:\/\/www.tv-muenster.de\/tanzen\/2020\/07\/02\/restart-sichert-sich-erneut-den-platz-in-der-oberliga-2018-2019\/\",\"url\":\"https:\/\/www.tv-muenster.de\/tanzen\/2020\/07\/02\/restart-sichert-sich-erneut-den-platz-in-der-oberliga-2018-2019\/\",\"name\":\"Restart sichert sich erneut den Platz in der Oberliga 2018\/2019 - Tanzen\",\"isPartOf\":{\"@id\":\"https:\/\/www.tv-muenster.de\/tanzen\/#website\"},\"datePublished\":\"2020-07-02T09:14:37+00:00\",\"dateModified\":\"2020-07-02T09:14:37+00:00\",\"author\":{\"@id\":\"https:\/\/www.tv-muenster.de\/tanzen\/#\/schema\/person\/5bef8d5f256b9ee52ac4af2b865c2d2d\"},\"breadcrumb\":{\"@id\":\"https:\/\/www.tv-muenster.de\/tanzen\/2020\/07\/02\/restart-sichert-sich-erneut-den-platz-in-der-oberliga-2018-2019\/#breadcrumb\"},\"inLanguage\":\"de\",\"potentialAction\":[{\"@type\":\"ReadAction\",\"target\":[\"https:\/\/www.tv-muenster.de\/tanzen\/2020\/07\/02\/restart-sichert-sich-erneut-den-platz-in-der-oberliga-2018-2019\/\"]}]},{\"@type\":\"BreadcrumbList\",\"@id\":\"https:\/\/www.tv-muenster.de\/tanzen\/2020\/07\/02\/restart-sichert-sich-erneut-den-platz-in-der-oberliga-2018-2019\/#breadcrumb\",\"itemListElement\":[{\"@type\":\"ListItem\",\"position\":1,\"name\":\"Startseite\",\"item\":\"https:\/\/www.tv-muenster.de\/tanzen\/\"},{\"@type\":\"ListItem\",\"position\":2,\"name\":\"Restart sichert sich erneut den Platz in der Oberliga 2018\/2019\"}]},{\"@type\":\"WebSite\",\"@id\":\"https:\/\/www.tv-muenster.de\/tanzen\/#website\",\"url\":\"https:\/\/www.tv-muenster.de\/tanzen\/\",\"name\":\"Tanzen\",\"description\":\"Eine weitere Turnverein 1898 M\u00fcnster e.V. Website\",\"potentialAction\":[{\"@type\":\"SearchAction\",\"target\":{\"@type\":\"EntryPoint\",\"urlTemplate\":\"https:\/\/www.tv-muenster.de\/tanzen\/?s={search_term_string}\"},\"query-input\":\"required name=search_term_string\"}],\"inLanguage\":\"de\"},{\"@type\":\"Person\",\"@id\":\"https:\/\/www.tv-muenster.de\/tanzen\/#\/schema\/person\/5bef8d5f256b9ee52ac4af2b865c2d2d\",\"name\":\"dancecup\",\"image\":{\"@type\":\"ImageObject\",\"inLanguage\":\"de\",\"@id\":\"https:\/\/www.tv-muenster.de\/tanzen\/#\/schema\/person\/image\/\",\"url\":\"https:\/\/secure.gravatar.com\/avatar\/3d42b390c9f07a85e39f75ff9914823c?s=96&d=mm&r=g\",\"contentUrl\":\"https:\/\/secure.gravatar.com\/avatar\/3d42b390c9f07a85e39f75ff9914823c?s=96&d=mm&r=g\",\"caption\":\"dancecup\"},\"url\":\"https:\/\/www.tv-muenster.de\/tanzen\/author\/dancecup\/\"}]}<\/script>\n<!-- \/ Yoast SEO plugin. -->","yoast_head_json":{"title":"Restart sichert sich erneut den Platz in der Oberliga 2018\/2019 - Tanzen","robots":{"index":"index","follow":"follow","max-snippet":"max-snippet:-1","max-image-preview":"max-image-preview:large","max-video-preview":"max-video-preview:-1"},"canonical":"https:\/\/www.tv-muenster.de\/tanzen\/2020\/07\/02\/restart-sichert-sich-erneut-den-platz-in-der-oberliga-2018-2019\/","og_locale":"de_DE","og_type":"article","og_title":"Restart sichert sich erneut den Platz in der Oberliga 2018\/2019 - Tanzen","og_description":"Unsere Gruppe \u201erestart!\u201c vom TV 1898 M\u00fcnster e.V. hat sich mehr erfahren","og_url":"https:\/\/www.tv-muenster.de\/tanzen\/2020\/07\/02\/restart-sichert-sich-erneut-den-platz-in-der-oberliga-2018-2019\/","og_site_name":"Tanzen","article_published_time":"2020-07-02T09:14:37+00:00","og_image":[{"width":648,"height":525,"url":"https:\/\/www.tv-muenster.de\/tanzen\/wp-content\/uploads\/sites\/6\/2020\/07\/imag2e.jpg","type":"image\/jpeg"}],"author":"dancecup","twitter_card":"summary_large_image","twitter_misc":{"Geschrieben von":"dancecup","Gesch\u00e4tzte Lesezeit":"2\u00a0Minuten"},"schema":{"@context":"https:\/\/schema.org","@graph":[{"@type":"WebPage","@id":"https:\/\/www.tv-muenster.de\/tanzen\/2020\/07\/02\/restart-sichert-sich-erneut-den-platz-in-der-oberliga-2018-2019\/","url":"https:\/\/www.tv-muenster.de\/tanzen\/2020\/07\/02\/restart-sichert-sich-erneut-den-platz-in-der-oberliga-2018-2019\/","name":"Restart sichert sich erneut den Platz in der Oberliga 2018\/2019 - Tanzen","isPartOf":{"@id":"https:\/\/www.tv-muenster.de\/tanzen\/#website"},"datePublished":"2020-07-02T09:14:37+00:00","dateModified":"2020-07-02T09:14:37+00:00","author":{"@id":"https:\/\/www.tv-muenster.de\/tanzen\/#\/schema\/person\/5bef8d5f256b9ee52ac4af2b865c2d2d"},"breadcrumb":{"@id":"https:\/\/www.tv-muenster.de\/tanzen\/2020\/07\/02\/restart-sichert-sich-erneut-den-platz-in-der-oberliga-2018-2019\/#breadcrumb"},"inLanguage":"de","potentialAction":[{"@type":"ReadAction","target":["https:\/\/www.tv-muenster.de\/tanzen\/2020\/07\/02\/restart-sichert-sich-erneut-den-platz-in-der-oberliga-2018-2019\/"]}]},{"@type":"BreadcrumbList","@id":"https:\/\/www.tv-muenster.de\/tanzen\/2020\/07\/02\/restart-sichert-sich-erneut-den-platz-in-der-oberliga-2018-2019\/#breadcrumb","itemListElement":[{"@type":"ListItem","position":1,"name":"Startseite","item":"https:\/\/www.tv-muenster.de\/tanzen\/"},{"@type":"ListItem","position":2,"name":"Restart sichert sich erneut den Platz in der Oberliga 2018\/2019"}]},{"@type":"WebSite","@id":"https:\/\/www.tv-muenster.de\/tanzen\/#website","url":"https:\/\/www.tv-muenster.de\/tanzen\/","name":"Tanzen","description":"Eine weitere Turnverein 1898 M\u00fcnster e.V. Website","potentialAction":[{"@type":"SearchAction","target":{"@type":"EntryPoint","urlTemplate":"https:\/\/www.tv-muenster.de\/tanzen\/?s={search_term_string}"},"query-input":"required name=search_term_string"}],"inLanguage":"de"},{"@type":"Person","@id":"https:\/\/www.tv-muenster.de\/tanzen\/#\/schema\/person\/5bef8d5f256b9ee52ac4af2b865c2d2d","name":"dancecup","image":{"@type":"ImageObject","inLanguage":"de","@id":"https:\/\/www.tv-muenster.de\/tanzen\/#\/schema\/person\/image\/","url":"https:\/\/secure.gravatar.com\/avatar\/3d42b390c9f07a85e39f75ff9914823c?s=96&d=mm&r=g","contentUrl":"https:\/\/secure.gravatar.com\/avatar\/3d42b390c9f07a85e39f75ff9914823c?s=96&d=mm&r=g","caption":"dancecup"},"url":"https:\/\/www.tv-muenster.de\/tanzen\/author\/dancecup\/"}]}},"_links":{"self":[{"href":"https:\/\/www.tv-muenster.de\/tanzen\/wp-json\/wp\/v2\/posts\/1599"}],"collection":[{"href":"https:\/\/www.tv-muenster.de\/tanzen\/wp-json\/wp\/v2\/posts"}],"about":[{"href":"https:\/\/www.tv-muenster.de\/tanzen\/wp-json\/wp\/v2\/types\/post"}],"author":[{"embeddable":true,"href":"https:\/\/www.tv-muenster.de\/tanzen\/wp-json\/wp\/v2\/users\/10"}],"replies":[{"embeddable":true,"href":"https:\/\/www.tv-muenster.de\/tanzen\/wp-json\/wp\/v2\/comments?post=1599"}],"version-history":[{"count":1,"href":"https:\/\/www.tv-muenster.de\/tanzen\/wp-json\/wp\/v2\/posts\/1599\/revisions"}],"predecessor-version":[{"id":1602,"href":"https:\/\/www.tv-muenster.de\/tanzen\/wp-json\/wp\/v2\/posts\/1599\/revisions\/1602"}],"wp:featuredmedia":[{"embeddable":true,"href":"https:\/\/www.tv-muenster.de\/tanzen\/wp-json\/wp\/v2\/media\/1600"}],"wp:attachment":[{"href":"https:\/\/www.tv-muenster.de\/tanzen\/wp-json\/wp\/v2\/media?parent=1599"}],"wp:term":[{"taxonomy":"category","embeddable":true,"href":"https:\/\/www.tv-muenster.de\/tanzen\/wp-json\/wp\/v2\/categories?post=1599"},{"taxonomy":"post_tag","embeddable":true,"href":"https:\/\/www.tv-muenster.de\/tanzen\/wp-json\/wp\/v2\/tags?post=1599"}],"curies":[{"name":"wp","href":"https:\/\/api.w.org\/{rel}","templated":true}]}}