{"id":1603,"date":"2020-07-02T11:16:31","date_gmt":"2020-07-02T09:16:31","guid":{"rendered":"https:\/\/www.tv-muenster.de\/tanzen\/?p=1603"},"modified":"2020-07-02T11:16:31","modified_gmt":"2020-07-02T09:16:31","slug":"formation-novita-erkaempft-sich-den-3-platz-in-der-landesliga-sued-ost","status":"publish","type":"post","link":"https:\/\/www.tv-muenster.de\/tanzen\/2020\/07\/02\/formation-novita-erkaempft-sich-den-3-platz-in-der-landesliga-sued-ost\/","title":{"rendered":"Formation \u201eNovita\u201c erk\u00e4mpft sich den 3. Platz in der Landesliga S\u00fcd\/Ost"},"content":{"rendered":"<p>In diesem Jahr startet die Formation \u201eNovita\u201c erstmals bei den Turnieren des Deutschen Tanzsportverbandes im Bereich Jazz- und Modern Dance. Sie blickt nun auf eine spannende und zugleich erfolgreiche Saison zur\u00fcck.<\/p>\n<p>Am Samstag, den 19. Mai 2018 fand in Hofgeismar das letzte von insgesamt vier Turnieren der Landesliga S\u00fcd\/Ost statt. Nach einer guten Vorrunde konnte sich \u201eNovita\u201c \u00fcber den Einzug in das gro\u00dfe Finale freuen, in dem um die ersten f\u00fcnf Pl\u00e4tze erneut getanzt wurde. Ein letztes Mal zeigten die T\u00e4nzerinnen aus M\u00fcnster die Choreografie zu \u201eResolve\u201c von Nathan Lanier und erreichten den 2. Platz. In der Gesamtwertung der Saison 2018 belegt Novita somit den 3. Platz.<\/p>\n<p>Sehr gl\u00fccklich und zufrieden mit diesem Ergebnis sind die T\u00e4nzerinnen Dilara Alan, Silvia Enders, Nadine Krause, Nina Krimm, Luisa Massoth, Jennifer Rink, Selina Schmidt, Lara Schneider, Sabina Wei\u00dfgerber, Laura Zilch und Trainerin Isabelle Danz. Die n\u00e4chste Saison wird bereits mit Vorfreude erwartet!<\/p>\n<p><img loading=\"lazy\" decoding=\"async\" class=\"alignnone size-medium wp-image-1604\" src=\"https:\/\/www.tv-muenster.de\/tanzen\/wp-content\/uploads\/sites\/6\/2020\/07\/image-6-300x214.jpg\" alt=\"\" width=\"300\" height=\"214\" srcset=\"https:\/\/www.tv-muenster.de\/tanzen\/wp-content\/uploads\/sites\/6\/2020\/07\/image-6-300x214.jpg 300w, https:\/\/www.tv-muenster.de\/tanzen\/wp-content\/uploads\/sites\/6\/2020\/07\/image-6-768x549.jpg 768w, https:\/\/www.tv-muenster.de\/tanzen\/wp-content\/uploads\/sites\/6\/2020\/07\/image-6.jpg 910w\" sizes=\"(max-width: 300px) 100vw, 300px\" \/><\/p>\n","protected":false},"excerpt":{"rendered":"<p>In diesem Jahr startet die Formation \u201eNovita\u201c erstmals bei den <a class=\"moretag\" href=\"https:\/\/www.tv-muenster.de\/tanzen\/2020\/07\/02\/formation-novita-erkaempft-sich-den-3-platz-in-der-landesliga-sued-ost\/\"><br \/> <b>mehr erfahren<\/b><\/a><\/p>\n","protected":false},"author":10,"featured_media":1604,"comment_status":"open","ping_status":"open","sticky":false,"template":"","format":"standard","meta":{"footnotes":""},"categories":[1],"tags":[],"yoast_head":"<!-- This site is optimized with the Yoast SEO plugin v20.2.1 - https:\/\/yoast.com\/wordpress\/plugins\/seo\/ -->\n<title>Formation \u201eNovita\u201c erk\u00e4mpft sich den 3. Platz in der Landesliga S\u00fcd\/Ost - Tanzen<\/title>\n<meta name=\"robots\" content=\"index, follow, max-snippet:-1, max-image-preview:large, max-video-preview:-1\" \/>\n<link rel=\"canonical\" href=\"https:\/\/www.tv-muenster.de\/tanzen\/2020\/07\/02\/formation-novita-erkaempft-sich-den-3-platz-in-der-landesliga-sued-ost\/\" \/>\n<meta property=\"og:locale\" content=\"de_DE\" \/>\n<meta property=\"og:type\" content=\"article\" \/>\n<meta property=\"og:title\" content=\"Formation \u201eNovita\u201c erk\u00e4mpft sich den 3. Platz in der Landesliga S\u00fcd\/Ost - Tanzen\" \/>\n<meta property=\"og:description\" content=\"In diesem Jahr startet die Formation \u201eNovita\u201c erstmals bei den mehr erfahren\" \/>\n<meta property=\"og:url\" content=\"https:\/\/www.tv-muenster.de\/tanzen\/2020\/07\/02\/formation-novita-erkaempft-sich-den-3-platz-in-der-landesliga-sued-ost\/\" \/>\n<meta property=\"og:site_name\" content=\"Tanzen\" \/>\n<meta property=\"article:published_time\" content=\"2020-07-02T09:16:31+00:00\" \/>\n<meta property=\"og:image\" content=\"https:\/\/www.tv-muenster.de\/tanzen\/wp-content\/uploads\/sites\/6\/2020\/07\/image-6.jpg\" \/>\n\t<meta property=\"og:image:width\" content=\"910\" \/>\n\t<meta property=\"og:image:height\" content=\"650\" \/>\n\t<meta property=\"og:image:type\" content=\"image\/jpeg\" \/>\n<meta name=\"author\" content=\"dancecup\" \/>\n<meta name=\"twitter:card\" content=\"summary_large_image\" \/>\n<meta name=\"twitter:label1\" content=\"Geschrieben von\" \/>\n\t<meta name=\"twitter:data1\" content=\"dancecup\" \/>\n\t<meta name=\"twitter:label2\" content=\"Gesch\u00e4tzte Lesezeit\" \/>\n\t<meta name=\"twitter:data2\" content=\"1\u00a0Minute\" \/>\n<script type=\"application\/ld+json\" class=\"yoast-schema-graph\">{\"@context\":\"https:\/\/schema.org\",\"@graph\":[{\"@type\":\"WebPage\",\"@id\":\"https:\/\/www.tv-muenster.de\/tanzen\/2020\/07\/02\/formation-novita-erkaempft-sich-den-3-platz-in-der-landesliga-sued-ost\/\",\"url\":\"https:\/\/www.tv-muenster.de\/tanzen\/2020\/07\/02\/formation-novita-erkaempft-sich-den-3-platz-in-der-landesliga-sued-ost\/\",\"name\":\"Formation \u201eNovita\u201c erk\u00e4mpft sich den 3. Platz in der Landesliga S\u00fcd\/Ost - Tanzen\",\"isPartOf\":{\"@id\":\"https:\/\/www.tv-muenster.de\/tanzen\/#website\"},\"datePublished\":\"2020-07-02T09:16:31+00:00\",\"dateModified\":\"2020-07-02T09:16:31+00:00\",\"author\":{\"@id\":\"https:\/\/www.tv-muenster.de\/tanzen\/#\/schema\/person\/5bef8d5f256b9ee52ac4af2b865c2d2d\"},\"breadcrumb\":{\"@id\":\"https:\/\/www.tv-muenster.de\/tanzen\/2020\/07\/02\/formation-novita-erkaempft-sich-den-3-platz-in-der-landesliga-sued-ost\/#breadcrumb\"},\"inLanguage\":\"de\",\"potentialAction\":[{\"@type\":\"ReadAction\",\"target\":[\"https:\/\/www.tv-muenster.de\/tanzen\/2020\/07\/02\/formation-novita-erkaempft-sich-den-3-platz-in-der-landesliga-sued-ost\/\"]}]},{\"@type\":\"BreadcrumbList\",\"@id\":\"https:\/\/www.tv-muenster.de\/tanzen\/2020\/07\/02\/formation-novita-erkaempft-sich-den-3-platz-in-der-landesliga-sued-ost\/#breadcrumb\",\"itemListElement\":[{\"@type\":\"ListItem\",\"position\":1,\"name\":\"Startseite\",\"item\":\"https:\/\/www.tv-muenster.de\/tanzen\/\"},{\"@type\":\"ListItem\",\"position\":2,\"name\":\"Formation \u201eNovita\u201c erk\u00e4mpft sich den 3. Platz in der Landesliga S\u00fcd\/Ost\"}]},{\"@type\":\"WebSite\",\"@id\":\"https:\/\/www.tv-muenster.de\/tanzen\/#website\",\"url\":\"https:\/\/www.tv-muenster.de\/tanzen\/\",\"name\":\"Tanzen\",\"description\":\"Eine weitere Turnverein 1898 M\u00fcnster e.V. Website\",\"potentialAction\":[{\"@type\":\"SearchAction\",\"target\":{\"@type\":\"EntryPoint\",\"urlTemplate\":\"https:\/\/www.tv-muenster.de\/tanzen\/?s={search_term_string}\"},\"query-input\":\"required name=search_term_string\"}],\"inLanguage\":\"de\"},{\"@type\":\"Person\",\"@id\":\"https:\/\/www.tv-muenster.de\/tanzen\/#\/schema\/person\/5bef8d5f256b9ee52ac4af2b865c2d2d\",\"name\":\"dancecup\",\"image\":{\"@type\":\"ImageObject\",\"inLanguage\":\"de\",\"@id\":\"https:\/\/www.tv-muenster.de\/tanzen\/#\/schema\/person\/image\/\",\"url\":\"https:\/\/secure.gravatar.com\/avatar\/3d42b390c9f07a85e39f75ff9914823c?s=96&d=mm&r=g\",\"contentUrl\":\"https:\/\/secure.gravatar.com\/avatar\/3d42b390c9f07a85e39f75ff9914823c?s=96&d=mm&r=g\",\"caption\":\"dancecup\"},\"url\":\"https:\/\/www.tv-muenster.de\/tanzen\/author\/dancecup\/\"}]}<\/script>\n<!-- \/ Yoast SEO plugin. -->","yoast_head_json":{"title":"Formation \u201eNovita\u201c erk\u00e4mpft sich den 3. Platz in der Landesliga S\u00fcd\/Ost - Tanzen","robots":{"index":"index","follow":"follow","max-snippet":"max-snippet:-1","max-image-preview":"max-image-preview:large","max-video-preview":"max-video-preview:-1"},"canonical":"https:\/\/www.tv-muenster.de\/tanzen\/2020\/07\/02\/formation-novita-erkaempft-sich-den-3-platz-in-der-landesliga-sued-ost\/","og_locale":"de_DE","og_type":"article","og_title":"Formation \u201eNovita\u201c erk\u00e4mpft sich den 3. Platz in der Landesliga S\u00fcd\/Ost - Tanzen","og_description":"In diesem Jahr startet die Formation \u201eNovita\u201c erstmals bei den mehr erfahren","og_url":"https:\/\/www.tv-muenster.de\/tanzen\/2020\/07\/02\/formation-novita-erkaempft-sich-den-3-platz-in-der-landesliga-sued-ost\/","og_site_name":"Tanzen","article_published_time":"2020-07-02T09:16:31+00:00","og_image":[{"width":910,"height":650,"url":"https:\/\/www.tv-muenster.de\/tanzen\/wp-content\/uploads\/sites\/6\/2020\/07\/image-6.jpg","type":"image\/jpeg"}],"author":"dancecup","twitter_card":"summary_large_image","twitter_misc":{"Geschrieben von":"dancecup","Gesch\u00e4tzte Lesezeit":"1\u00a0Minute"},"schema":{"@context":"https:\/\/schema.org","@graph":[{"@type":"WebPage","@id":"https:\/\/www.tv-muenster.de\/tanzen\/2020\/07\/02\/formation-novita-erkaempft-sich-den-3-platz-in-der-landesliga-sued-ost\/","url":"https:\/\/www.tv-muenster.de\/tanzen\/2020\/07\/02\/formation-novita-erkaempft-sich-den-3-platz-in-der-landesliga-sued-ost\/","name":"Formation \u201eNovita\u201c erk\u00e4mpft sich den 3. Platz in der Landesliga S\u00fcd\/Ost - Tanzen","isPartOf":{"@id":"https:\/\/www.tv-muenster.de\/tanzen\/#website"},"datePublished":"2020-07-02T09:16:31+00:00","dateModified":"2020-07-02T09:16:31+00:00","author":{"@id":"https:\/\/www.tv-muenster.de\/tanzen\/#\/schema\/person\/5bef8d5f256b9ee52ac4af2b865c2d2d"},"breadcrumb":{"@id":"https:\/\/www.tv-muenster.de\/tanzen\/2020\/07\/02\/formation-novita-erkaempft-sich-den-3-platz-in-der-landesliga-sued-ost\/#breadcrumb"},"inLanguage":"de","potentialAction":[{"@type":"ReadAction","target":["https:\/\/www.tv-muenster.de\/tanzen\/2020\/07\/02\/formation-novita-erkaempft-sich-den-3-platz-in-der-landesliga-sued-ost\/"]}]},{"@type":"BreadcrumbList","@id":"https:\/\/www.tv-muenster.de\/tanzen\/2020\/07\/02\/formation-novita-erkaempft-sich-den-3-platz-in-der-landesliga-sued-ost\/#breadcrumb","itemListElement":[{"@type":"ListItem","position":1,"name":"Startseite","item":"https:\/\/www.tv-muenster.de\/tanzen\/"},{"@type":"ListItem","position":2,"name":"Formation \u201eNovita\u201c erk\u00e4mpft sich den 3. Platz in der Landesliga S\u00fcd\/Ost"}]},{"@type":"WebSite","@id":"https:\/\/www.tv-muenster.de\/tanzen\/#website","url":"https:\/\/www.tv-muenster.de\/tanzen\/","name":"Tanzen","description":"Eine weitere Turnverein 1898 M\u00fcnster e.V. Website","potentialAction":[{"@type":"SearchAction","target":{"@type":"EntryPoint","urlTemplate":"https:\/\/www.tv-muenster.de\/tanzen\/?s={search_term_string}"},"query-input":"required name=search_term_string"}],"inLanguage":"de"},{"@type":"Person","@id":"https:\/\/www.tv-muenster.de\/tanzen\/#\/schema\/person\/5bef8d5f256b9ee52ac4af2b865c2d2d","name":"dancecup","image":{"@type":"ImageObject","inLanguage":"de","@id":"https:\/\/www.tv-muenster.de\/tanzen\/#\/schema\/person\/image\/","url":"https:\/\/secure.gravatar.com\/avatar\/3d42b390c9f07a85e39f75ff9914823c?s=96&d=mm&r=g","contentUrl":"https:\/\/secure.gravatar.com\/avatar\/3d42b390c9f07a85e39f75ff9914823c?s=96&d=mm&r=g","caption":"dancecup"},"url":"https:\/\/www.tv-muenster.de\/tanzen\/author\/dancecup\/"}]}},"_links":{"self":[{"href":"https:\/\/www.tv-muenster.de\/tanzen\/wp-json\/wp\/v2\/posts\/1603"}],"collection":[{"href":"https:\/\/www.tv-muenster.de\/tanzen\/wp-json\/wp\/v2\/posts"}],"about":[{"href":"https:\/\/www.tv-muenster.de\/tanzen\/wp-json\/wp\/v2\/types\/post"}],"author":[{"embeddable":true,"href":"https:\/\/www.tv-muenster.de\/tanzen\/wp-json\/wp\/v2\/users\/10"}],"replies":[{"embeddable":true,"href":"https:\/\/www.tv-muenster.de\/tanzen\/wp-json\/wp\/v2\/comments?post=1603"}],"version-history":[{"count":1,"href":"https:\/\/www.tv-muenster.de\/tanzen\/wp-json\/wp\/v2\/posts\/1603\/revisions"}],"predecessor-version":[{"id":1605,"href":"https:\/\/www.tv-muenster.de\/tanzen\/wp-json\/wp\/v2\/posts\/1603\/revisions\/1605"}],"wp:featuredmedia":[{"embeddable":true,"href":"https:\/\/www.tv-muenster.de\/tanzen\/wp-json\/wp\/v2\/media\/1604"}],"wp:attachment":[{"href":"https:\/\/www.tv-muenster.de\/tanzen\/wp-json\/wp\/v2\/media?parent=1603"}],"wp:term":[{"taxonomy":"category","embeddable":true,"href":"https:\/\/www.tv-muenster.de\/tanzen\/wp-json\/wp\/v2\/categories?post=1603"},{"taxonomy":"post_tag","embeddable":true,"href":"https:\/\/www.tv-muenster.de\/tanzen\/wp-json\/wp\/v2\/tags?post=1603"}],"curies":[{"name":"wp","href":"https:\/\/api.w.org\/{rel}","templated":true}]}}