{"id":2681,"date":"2024-03-13T18:14:37","date_gmt":"2024-03-13T17:14:37","guid":{"rendered":"https:\/\/www.tv-muenster.de\/tanzen\/?p=2681"},"modified":"2024-03-13T18:30:01","modified_gmt":"2024-03-13T17:30:01","slug":"1-jmc-saisonturnier-des-tanzsportverbands-in-moerfelden","status":"publish","type":"post","link":"https:\/\/www.tv-muenster.de\/tanzen\/2024\/03\/13\/1-jmc-saisonturnier-des-tanzsportverbands-in-moerfelden\/","title":{"rendered":"1.JMC Saisonturnier des Tanzsportverbands in M\u00f6rfelden"},"content":{"rendered":"<p>Am Sonntag, den 03. M\u00e4rz starteten die Formationen Bailando und Novita des TV M\u00fcnster beim 1.JMC Saisonturnier des Tanzsportverbands in M\u00f6rfelden.<br \/>\nF\u00fcr Bailando ging es am Morgen in der Jugendlandesliga S\u00fcd\/Ost 1 JMC los. Neun Mannschaften geh\u00f6ren zum Starterfeld der Serie, die insgesamt vier Turniere umfasst. Nur sieben Mannschaften sind in M\u00f6rfelden angetreten, weshalb das Kampfgericht schon zu Beginn entschied, zwei volle Wettkampfrunden zu tanzen und nicht nach einer Runde in ein gro\u00dfes und kleines Finale zu unterteilen.<br \/>\nDie M\u00e4dels von Bailando (zwischen 13 und 15 Jahre alt) tanzen inzwischen seit fast neun Jahren zusammen und sind bisher immer in Wettk\u00e4mpfen des DTB gestartet. Die Anforderungen der beiden Wettk\u00e4mpfe unterscheiden sich sehr \u2013 w\u00e4hrend beim DTB viel Wert auf feste Elemente gelegt wird, geht es beim Tanzsportverband eher um das freie Tanzen und Interpretieren. Schon vor Corona war ein Wechsel zum Tanzsportverband geplant, der dann aber von der Pandemie gestoppt wurde. Entsprechend aufgeregt waren die T\u00e4nzerinnen und ihre drei Trainerinnen, zumal am Tag vorher die Formation noch krankheitsbedingt ver\u00e4ndert werden musste. Nach dem Motto \u201eschaun mer mal\u201c vertanzte Bailando mit \u201ewill you follow me in the dark\u201c ein eher d\u00fcsteres Thema, das auch vom Ausdruck der T\u00e4nzerinnen lebt. Nachdem schon alle mitgereisten Fans vom ersten Durchgang begeistert waren, legte Bailando im zweiten Durchgang noch eine Schippe drauf und setzte die Kritikpunkte der Trainerinnen direkt um.<br \/>\nBei der offenen Wertung der Kampfrichterinnen wurden dann die Augen gro\u00df und die Freudentr\u00e4nen flossen \u2013 auf Anhieb erreichte Bailando Platz 4! Ein Ergebnis auf das alle zurecht stolz sein k\u00f6nnen.<br \/>\nDirekt anschlie\u00dfend an die Siegerehrung der Jugendlandesliga startete die Verbandsliga der Erwachsenen. 9 Mannschaften gingen an den Start und zeigten in der ersten Runde ihre neue Choreographie. Nach der ersten Runde wurde entschieden, wer in das gro\u00dfe (Pl\u00e4tze 1-5) und in das kleine (Pl\u00e4tze 7-9) Finale kommt.<br \/>\nNovita sicherte sich souver\u00e4n einen Platz im gro\u00dfen Finale und k\u00e4mpfte in der zweiten Runde, um einen Platz auf dem Treppchen. Die Konkurrenz war stark, zumal auch eine Formation aus der Jugendliga aufgestiegen ist, die im vergangenen Jahr auf der Weltmeisterschaft gestartet ist. Davon lie\u00df sich Novita aber nicht aus der Ruhe bringen und sicherte sich einen starken 4. Platz. Leider ganz knapp am Treppchen vorbei. Dennoch waren Trainerinnen und T\u00e4nzerinnen mit dem Auftaktturnier<br \/>\nsehr zufrieden und freuen sich schon auf das n\u00e4chste Turnier.<br \/>\nEin erfolgreicher Saisonauftakt ging damit zu Ende und der TV M\u00fcnster nahm zwei sehr gute 4. Pl\u00e4tze mit nach Hause.<\/p>\n<p><img loading=\"lazy\" decoding=\"async\" src=\"https:\/\/www.tv-muenster.de\/tanzen\/wp-content\/uploads\/sites\/6\/2024\/03\/1000038312-225x300.jpg\" alt=\"\" width=\"225\" height=\"300\" class=\"alignnone size-medium wp-image-2682\" srcset=\"https:\/\/www.tv-muenster.de\/tanzen\/wp-content\/uploads\/sites\/6\/2024\/03\/1000038312-225x300.jpg 225w, https:\/\/www.tv-muenster.de\/tanzen\/wp-content\/uploads\/sites\/6\/2024\/03\/1000038312-768x1024.jpg 768w, https:\/\/www.tv-muenster.de\/tanzen\/wp-content\/uploads\/sites\/6\/2024\/03\/1000038312-1152x1536.jpg 1152w, https:\/\/www.tv-muenster.de\/tanzen\/wp-content\/uploads\/sites\/6\/2024\/03\/1000038312-1536x2048.jpg 1536w\" sizes=\"(max-width: 225px) 100vw, 225px\" \/><\/p>\n","protected":false},"excerpt":{"rendered":"<p>Am Sonntag, den 03. M\u00e4rz starteten die Formationen Bailando und <a class=\"moretag\" href=\"https:\/\/www.tv-muenster.de\/tanzen\/2024\/03\/13\/1-jmc-saisonturnier-des-tanzsportverbands-in-moerfelden\/\"><br \/> <b>mehr erfahren<\/b><\/a><\/p>\n","protected":false},"author":10,"featured_media":2682,"comment_status":"open","ping_status":"open","sticky":false,"template":"","format":"standard","meta":{"footnotes":""},"categories":[1],"tags":[],"yoast_head":"<!-- This site is optimized with the Yoast SEO plugin v20.2.1 - https:\/\/yoast.com\/wordpress\/plugins\/seo\/ -->\n<title>1.JMC Saisonturnier des Tanzsportverbands in M\u00f6rfelden - Tanzen<\/title>\n<meta name=\"robots\" content=\"index, follow, max-snippet:-1, max-image-preview:large, max-video-preview:-1\" \/>\n<link rel=\"canonical\" href=\"https:\/\/www.tv-muenster.de\/tanzen\/2024\/03\/13\/1-jmc-saisonturnier-des-tanzsportverbands-in-moerfelden\/\" \/>\n<meta property=\"og:locale\" content=\"de_DE\" \/>\n<meta property=\"og:type\" content=\"article\" \/>\n<meta property=\"og:title\" content=\"1.JMC Saisonturnier des Tanzsportverbands in M\u00f6rfelden - Tanzen\" \/>\n<meta property=\"og:description\" content=\"Am Sonntag, den 03. M\u00e4rz starteten die Formationen Bailando und mehr erfahren\" \/>\n<meta property=\"og:url\" content=\"https:\/\/www.tv-muenster.de\/tanzen\/2024\/03\/13\/1-jmc-saisonturnier-des-tanzsportverbands-in-moerfelden\/\" \/>\n<meta property=\"og:site_name\" content=\"Tanzen\" \/>\n<meta property=\"article:published_time\" content=\"2024-03-13T17:14:37+00:00\" \/>\n<meta property=\"article:modified_time\" content=\"2024-03-13T17:30:01+00:00\" \/>\n<meta property=\"og:image\" content=\"https:\/\/www.tv-muenster.de\/tanzen\/wp-content\/uploads\/sites\/6\/2024\/03\/1000038312.jpg\" \/>\n\t<meta property=\"og:image:width\" content=\"3024\" \/>\n\t<meta property=\"og:image:height\" content=\"4032\" \/>\n\t<meta property=\"og:image:type\" content=\"image\/jpeg\" \/>\n<meta name=\"author\" content=\"dancecup\" \/>\n<meta name=\"twitter:card\" content=\"summary_large_image\" \/>\n<meta name=\"twitter:label1\" content=\"Geschrieben von\" \/>\n\t<meta name=\"twitter:data1\" content=\"dancecup\" \/>\n\t<meta name=\"twitter:label2\" content=\"Gesch\u00e4tzte Lesezeit\" \/>\n\t<meta name=\"twitter:data2\" content=\"3\u00a0Minuten\" \/>\n<script type=\"application\/ld+json\" class=\"yoast-schema-graph\">{\"@context\":\"https:\/\/schema.org\",\"@graph\":[{\"@type\":\"WebPage\",\"@id\":\"https:\/\/www.tv-muenster.de\/tanzen\/2024\/03\/13\/1-jmc-saisonturnier-des-tanzsportverbands-in-moerfelden\/\",\"url\":\"https:\/\/www.tv-muenster.de\/tanzen\/2024\/03\/13\/1-jmc-saisonturnier-des-tanzsportverbands-in-moerfelden\/\",\"name\":\"1.JMC Saisonturnier des Tanzsportverbands in M\u00f6rfelden - Tanzen\",\"isPartOf\":{\"@id\":\"https:\/\/www.tv-muenster.de\/tanzen\/#website\"},\"datePublished\":\"2024-03-13T17:14:37+00:00\",\"dateModified\":\"2024-03-13T17:30:01+00:00\",\"author\":{\"@id\":\"https:\/\/www.tv-muenster.de\/tanzen\/#\/schema\/person\/5bef8d5f256b9ee52ac4af2b865c2d2d\"},\"breadcrumb\":{\"@id\":\"https:\/\/www.tv-muenster.de\/tanzen\/2024\/03\/13\/1-jmc-saisonturnier-des-tanzsportverbands-in-moerfelden\/#breadcrumb\"},\"inLanguage\":\"de\",\"potentialAction\":[{\"@type\":\"ReadAction\",\"target\":[\"https:\/\/www.tv-muenster.de\/tanzen\/2024\/03\/13\/1-jmc-saisonturnier-des-tanzsportverbands-in-moerfelden\/\"]}]},{\"@type\":\"BreadcrumbList\",\"@id\":\"https:\/\/www.tv-muenster.de\/tanzen\/2024\/03\/13\/1-jmc-saisonturnier-des-tanzsportverbands-in-moerfelden\/#breadcrumb\",\"itemListElement\":[{\"@type\":\"ListItem\",\"position\":1,\"name\":\"Startseite\",\"item\":\"https:\/\/www.tv-muenster.de\/tanzen\/\"},{\"@type\":\"ListItem\",\"position\":2,\"name\":\"1.JMC Saisonturnier des Tanzsportverbands in M\u00f6rfelden\"}]},{\"@type\":\"WebSite\",\"@id\":\"https:\/\/www.tv-muenster.de\/tanzen\/#website\",\"url\":\"https:\/\/www.tv-muenster.de\/tanzen\/\",\"name\":\"Tanzen\",\"description\":\"Eine weitere Turnverein 1898 M\u00fcnster e.V. Website\",\"potentialAction\":[{\"@type\":\"SearchAction\",\"target\":{\"@type\":\"EntryPoint\",\"urlTemplate\":\"https:\/\/www.tv-muenster.de\/tanzen\/?s={search_term_string}\"},\"query-input\":\"required name=search_term_string\"}],\"inLanguage\":\"de\"},{\"@type\":\"Person\",\"@id\":\"https:\/\/www.tv-muenster.de\/tanzen\/#\/schema\/person\/5bef8d5f256b9ee52ac4af2b865c2d2d\",\"name\":\"dancecup\",\"image\":{\"@type\":\"ImageObject\",\"inLanguage\":\"de\",\"@id\":\"https:\/\/www.tv-muenster.de\/tanzen\/#\/schema\/person\/image\/\",\"url\":\"https:\/\/secure.gravatar.com\/avatar\/3d42b390c9f07a85e39f75ff9914823c?s=96&d=mm&r=g\",\"contentUrl\":\"https:\/\/secure.gravatar.com\/avatar\/3d42b390c9f07a85e39f75ff9914823c?s=96&d=mm&r=g\",\"caption\":\"dancecup\"},\"url\":\"https:\/\/www.tv-muenster.de\/tanzen\/author\/dancecup\/\"}]}<\/script>\n<!-- \/ Yoast SEO plugin. -->","yoast_head_json":{"title":"1.JMC Saisonturnier des Tanzsportverbands in M\u00f6rfelden - Tanzen","robots":{"index":"index","follow":"follow","max-snippet":"max-snippet:-1","max-image-preview":"max-image-preview:large","max-video-preview":"max-video-preview:-1"},"canonical":"https:\/\/www.tv-muenster.de\/tanzen\/2024\/03\/13\/1-jmc-saisonturnier-des-tanzsportverbands-in-moerfelden\/","og_locale":"de_DE","og_type":"article","og_title":"1.JMC Saisonturnier des Tanzsportverbands in M\u00f6rfelden - Tanzen","og_description":"Am Sonntag, den 03. M\u00e4rz starteten die Formationen Bailando und mehr erfahren","og_url":"https:\/\/www.tv-muenster.de\/tanzen\/2024\/03\/13\/1-jmc-saisonturnier-des-tanzsportverbands-in-moerfelden\/","og_site_name":"Tanzen","article_published_time":"2024-03-13T17:14:37+00:00","article_modified_time":"2024-03-13T17:30:01+00:00","og_image":[{"width":3024,"height":4032,"url":"https:\/\/www.tv-muenster.de\/tanzen\/wp-content\/uploads\/sites\/6\/2024\/03\/1000038312.jpg","type":"image\/jpeg"}],"author":"dancecup","twitter_card":"summary_large_image","twitter_misc":{"Geschrieben von":"dancecup","Gesch\u00e4tzte Lesezeit":"3\u00a0Minuten"},"schema":{"@context":"https:\/\/schema.org","@graph":[{"@type":"WebPage","@id":"https:\/\/www.tv-muenster.de\/tanzen\/2024\/03\/13\/1-jmc-saisonturnier-des-tanzsportverbands-in-moerfelden\/","url":"https:\/\/www.tv-muenster.de\/tanzen\/2024\/03\/13\/1-jmc-saisonturnier-des-tanzsportverbands-in-moerfelden\/","name":"1.JMC Saisonturnier des Tanzsportverbands in M\u00f6rfelden - Tanzen","isPartOf":{"@id":"https:\/\/www.tv-muenster.de\/tanzen\/#website"},"datePublished":"2024-03-13T17:14:37+00:00","dateModified":"2024-03-13T17:30:01+00:00","author":{"@id":"https:\/\/www.tv-muenster.de\/tanzen\/#\/schema\/person\/5bef8d5f256b9ee52ac4af2b865c2d2d"},"breadcrumb":{"@id":"https:\/\/www.tv-muenster.de\/tanzen\/2024\/03\/13\/1-jmc-saisonturnier-des-tanzsportverbands-in-moerfelden\/#breadcrumb"},"inLanguage":"de","potentialAction":[{"@type":"ReadAction","target":["https:\/\/www.tv-muenster.de\/tanzen\/2024\/03\/13\/1-jmc-saisonturnier-des-tanzsportverbands-in-moerfelden\/"]}]},{"@type":"BreadcrumbList","@id":"https:\/\/www.tv-muenster.de\/tanzen\/2024\/03\/13\/1-jmc-saisonturnier-des-tanzsportverbands-in-moerfelden\/#breadcrumb","itemListElement":[{"@type":"ListItem","position":1,"name":"Startseite","item":"https:\/\/www.tv-muenster.de\/tanzen\/"},{"@type":"ListItem","position":2,"name":"1.JMC Saisonturnier des Tanzsportverbands in M\u00f6rfelden"}]},{"@type":"WebSite","@id":"https:\/\/www.tv-muenster.de\/tanzen\/#website","url":"https:\/\/www.tv-muenster.de\/tanzen\/","name":"Tanzen","description":"Eine weitere Turnverein 1898 M\u00fcnster e.V. Website","potentialAction":[{"@type":"SearchAction","target":{"@type":"EntryPoint","urlTemplate":"https:\/\/www.tv-muenster.de\/tanzen\/?s={search_term_string}"},"query-input":"required name=search_term_string"}],"inLanguage":"de"},{"@type":"Person","@id":"https:\/\/www.tv-muenster.de\/tanzen\/#\/schema\/person\/5bef8d5f256b9ee52ac4af2b865c2d2d","name":"dancecup","image":{"@type":"ImageObject","inLanguage":"de","@id":"https:\/\/www.tv-muenster.de\/tanzen\/#\/schema\/person\/image\/","url":"https:\/\/secure.gravatar.com\/avatar\/3d42b390c9f07a85e39f75ff9914823c?s=96&d=mm&r=g","contentUrl":"https:\/\/secure.gravatar.com\/avatar\/3d42b390c9f07a85e39f75ff9914823c?s=96&d=mm&r=g","caption":"dancecup"},"url":"https:\/\/www.tv-muenster.de\/tanzen\/author\/dancecup\/"}]}},"_links":{"self":[{"href":"https:\/\/www.tv-muenster.de\/tanzen\/wp-json\/wp\/v2\/posts\/2681"}],"collection":[{"href":"https:\/\/www.tv-muenster.de\/tanzen\/wp-json\/wp\/v2\/posts"}],"about":[{"href":"https:\/\/www.tv-muenster.de\/tanzen\/wp-json\/wp\/v2\/types\/post"}],"author":[{"embeddable":true,"href":"https:\/\/www.tv-muenster.de\/tanzen\/wp-json\/wp\/v2\/users\/10"}],"replies":[{"embeddable":true,"href":"https:\/\/www.tv-muenster.de\/tanzen\/wp-json\/wp\/v2\/comments?post=2681"}],"version-history":[{"count":4,"href":"https:\/\/www.tv-muenster.de\/tanzen\/wp-json\/wp\/v2\/posts\/2681\/revisions"}],"predecessor-version":[{"id":2686,"href":"https:\/\/www.tv-muenster.de\/tanzen\/wp-json\/wp\/v2\/posts\/2681\/revisions\/2686"}],"wp:featuredmedia":[{"embeddable":true,"href":"https:\/\/www.tv-muenster.de\/tanzen\/wp-json\/wp\/v2\/media\/2682"}],"wp:attachment":[{"href":"https:\/\/www.tv-muenster.de\/tanzen\/wp-json\/wp\/v2\/media?parent=2681"}],"wp:term":[{"taxonomy":"category","embeddable":true,"href":"https:\/\/www.tv-muenster.de\/tanzen\/wp-json\/wp\/v2\/categories?post=2681"},{"taxonomy":"post_tag","embeddable":true,"href":"https:\/\/www.tv-muenster.de\/tanzen\/wp-json\/wp\/v2\/tags?post=2681"}],"curies":[{"name":"wp","href":"https:\/\/api.w.org\/{rel}","templated":true}]}}