{"id":2779,"date":"2024-03-14T15:02:21","date_gmt":"2024-03-14T14:02:21","guid":{"rendered":"https:\/\/www.tv-muenster.de\/tanzen\/?p=2779"},"modified":"2024-03-14T15:10:29","modified_gmt":"2024-03-14T14:10:29","slug":"offener-tanzwettkampf-in-weisskirchen","status":"publish","type":"post","link":"https:\/\/www.tv-muenster.de\/tanzen\/2024\/03\/14\/offener-tanzwettkampf-in-weisskirchen\/","title":{"rendered":"Offener Tanzwettkampf in Wei\u00dfkirchen"},"content":{"rendered":"<p>Am Samstag, den 09.03.2024 fand in Wei\u00dfkirchen der offene Tanzwettkampf der S.K.G. Rodgau statt. Unsere Mannschaften \u201eJoy\u201c (Kinder), \u201eJust in time\u201c (Jugend) und \u201eCascaya\u201c (Erwachsene) gingen f\u00fcr den TV 1898 M\u00fcnster an den Start.<br \/>\nF\u00fcr die Mannschaft \u201eJoy\u201c war es der erste Wettkampf und die M\u00e4dels waren sehr aufgeregt. Die Freude war riesig, als sie bei der Siegerehrung den 1. Platz belegten und einen Pokal \u00fcberreicht bekamen. Trainiert werden die M\u00e4dchen von Mia Schiller, Romy Hanke und Nadine Ries.<br \/>\nDie Mannschaft \u201eJust in time\u201c, trainiert von Marion Dressel, ertanzte sich mit einer wundersch\u00f6nen Choreografie auf den Song Breathe easy den 2. Platz.<br \/>\nEinen weiteren Pokal durfte die Mannschaft \u201eCascaya\u201c mit nach Hause nehmen. Sie vertanzten das Thema Wind und waren in der ersten Runde punktgleich mit M\u00f6rfelden. Nach einem spannenden Stechen, landete Cascaya auf dem 1. Platz.<\/p>\n<p><img loading=\"lazy\" decoding=\"async\" src=\"https:\/\/www.tv-muenster.de\/tanzen\/wp-content\/uploads\/sites\/6\/2024\/03\/sieger-1-300x300.jpg\" alt=\"\" width=\"300\" height=\"300\" class=\"alignnone size-medium wp-image-2783\" srcset=\"https:\/\/www.tv-muenster.de\/tanzen\/wp-content\/uploads\/sites\/6\/2024\/03\/sieger-1-300x300.jpg 300w, https:\/\/www.tv-muenster.de\/tanzen\/wp-content\/uploads\/sites\/6\/2024\/03\/sieger-1-1024x1024.jpg 1024w, https:\/\/www.tv-muenster.de\/tanzen\/wp-content\/uploads\/sites\/6\/2024\/03\/sieger-1-150x150.jpg 150w, https:\/\/www.tv-muenster.de\/tanzen\/wp-content\/uploads\/sites\/6\/2024\/03\/sieger-1-768x768.jpg 768w, https:\/\/www.tv-muenster.de\/tanzen\/wp-content\/uploads\/sites\/6\/2024\/03\/sieger-1-1536x1536.jpg 1536w\" sizes=\"(max-width: 300px) 100vw, 300px\" \/><\/p>\n","protected":false},"excerpt":{"rendered":"<p>Am Samstag, den 09.03.2024 fand in Wei\u00dfkirchen der offene Tanzwettkampf <a class=\"moretag\" href=\"https:\/\/www.tv-muenster.de\/tanzen\/2024\/03\/14\/offener-tanzwettkampf-in-weisskirchen\/\"><br \/> <b>mehr erfahren<\/b><\/a><\/p>\n","protected":false},"author":10,"featured_media":2783,"comment_status":"open","ping_status":"open","sticky":false,"template":"","format":"standard","meta":{"footnotes":""},"categories":[1],"tags":[],"yoast_head":"<!-- This site is optimized with the Yoast SEO plugin v20.2.1 - https:\/\/yoast.com\/wordpress\/plugins\/seo\/ -->\n<title>Offener Tanzwettkampf in Wei\u00dfkirchen - Tanzen<\/title>\n<meta name=\"robots\" content=\"index, follow, max-snippet:-1, max-image-preview:large, max-video-preview:-1\" \/>\n<link rel=\"canonical\" href=\"https:\/\/www.tv-muenster.de\/tanzen\/2024\/03\/14\/offener-tanzwettkampf-in-weisskirchen\/\" \/>\n<meta property=\"og:locale\" content=\"de_DE\" \/>\n<meta property=\"og:type\" content=\"article\" \/>\n<meta property=\"og:title\" content=\"Offener Tanzwettkampf in Wei\u00dfkirchen - Tanzen\" \/>\n<meta property=\"og:description\" content=\"Am Samstag, den 09.03.2024 fand in Wei\u00dfkirchen der offene Tanzwettkampf mehr erfahren\" \/>\n<meta property=\"og:url\" content=\"https:\/\/www.tv-muenster.de\/tanzen\/2024\/03\/14\/offener-tanzwettkampf-in-weisskirchen\/\" \/>\n<meta property=\"og:site_name\" content=\"Tanzen\" \/>\n<meta property=\"article:published_time\" content=\"2024-03-14T14:02:21+00:00\" \/>\n<meta property=\"article:modified_time\" content=\"2024-03-14T14:10:29+00:00\" \/>\n<meta property=\"og:image\" content=\"https:\/\/www.tv-muenster.de\/tanzen\/wp-content\/uploads\/sites\/6\/2024\/03\/sieger-1.jpg\" \/>\n\t<meta property=\"og:image:width\" content=\"2048\" \/>\n\t<meta property=\"og:image:height\" content=\"2048\" \/>\n\t<meta property=\"og:image:type\" content=\"image\/jpeg\" \/>\n<meta name=\"author\" content=\"dancecup\" \/>\n<meta name=\"twitter:card\" content=\"summary_large_image\" \/>\n<meta name=\"twitter:label1\" content=\"Geschrieben von\" \/>\n\t<meta name=\"twitter:data1\" content=\"dancecup\" \/>\n\t<meta name=\"twitter:label2\" content=\"Gesch\u00e4tzte Lesezeit\" \/>\n\t<meta name=\"twitter:data2\" content=\"1\u00a0Minute\" \/>\n<script type=\"application\/ld+json\" class=\"yoast-schema-graph\">{\"@context\":\"https:\/\/schema.org\",\"@graph\":[{\"@type\":\"WebPage\",\"@id\":\"https:\/\/www.tv-muenster.de\/tanzen\/2024\/03\/14\/offener-tanzwettkampf-in-weisskirchen\/\",\"url\":\"https:\/\/www.tv-muenster.de\/tanzen\/2024\/03\/14\/offener-tanzwettkampf-in-weisskirchen\/\",\"name\":\"Offener Tanzwettkampf in Wei\u00dfkirchen - Tanzen\",\"isPartOf\":{\"@id\":\"https:\/\/www.tv-muenster.de\/tanzen\/#website\"},\"datePublished\":\"2024-03-14T14:02:21+00:00\",\"dateModified\":\"2024-03-14T14:10:29+00:00\",\"author\":{\"@id\":\"https:\/\/www.tv-muenster.de\/tanzen\/#\/schema\/person\/5bef8d5f256b9ee52ac4af2b865c2d2d\"},\"breadcrumb\":{\"@id\":\"https:\/\/www.tv-muenster.de\/tanzen\/2024\/03\/14\/offener-tanzwettkampf-in-weisskirchen\/#breadcrumb\"},\"inLanguage\":\"de\",\"potentialAction\":[{\"@type\":\"ReadAction\",\"target\":[\"https:\/\/www.tv-muenster.de\/tanzen\/2024\/03\/14\/offener-tanzwettkampf-in-weisskirchen\/\"]}]},{\"@type\":\"BreadcrumbList\",\"@id\":\"https:\/\/www.tv-muenster.de\/tanzen\/2024\/03\/14\/offener-tanzwettkampf-in-weisskirchen\/#breadcrumb\",\"itemListElement\":[{\"@type\":\"ListItem\",\"position\":1,\"name\":\"Startseite\",\"item\":\"https:\/\/www.tv-muenster.de\/tanzen\/\"},{\"@type\":\"ListItem\",\"position\":2,\"name\":\"Offener Tanzwettkampf in Wei\u00dfkirchen\"}]},{\"@type\":\"WebSite\",\"@id\":\"https:\/\/www.tv-muenster.de\/tanzen\/#website\",\"url\":\"https:\/\/www.tv-muenster.de\/tanzen\/\",\"name\":\"Tanzen\",\"description\":\"Eine weitere Turnverein 1898 M\u00fcnster e.V. Website\",\"potentialAction\":[{\"@type\":\"SearchAction\",\"target\":{\"@type\":\"EntryPoint\",\"urlTemplate\":\"https:\/\/www.tv-muenster.de\/tanzen\/?s={search_term_string}\"},\"query-input\":\"required name=search_term_string\"}],\"inLanguage\":\"de\"},{\"@type\":\"Person\",\"@id\":\"https:\/\/www.tv-muenster.de\/tanzen\/#\/schema\/person\/5bef8d5f256b9ee52ac4af2b865c2d2d\",\"name\":\"dancecup\",\"image\":{\"@type\":\"ImageObject\",\"inLanguage\":\"de\",\"@id\":\"https:\/\/www.tv-muenster.de\/tanzen\/#\/schema\/person\/image\/\",\"url\":\"https:\/\/secure.gravatar.com\/avatar\/3d42b390c9f07a85e39f75ff9914823c?s=96&d=mm&r=g\",\"contentUrl\":\"https:\/\/secure.gravatar.com\/avatar\/3d42b390c9f07a85e39f75ff9914823c?s=96&d=mm&r=g\",\"caption\":\"dancecup\"},\"url\":\"https:\/\/www.tv-muenster.de\/tanzen\/author\/dancecup\/\"}]}<\/script>\n<!-- \/ Yoast SEO plugin. -->","yoast_head_json":{"title":"Offener Tanzwettkampf in Wei\u00dfkirchen - Tanzen","robots":{"index":"index","follow":"follow","max-snippet":"max-snippet:-1","max-image-preview":"max-image-preview:large","max-video-preview":"max-video-preview:-1"},"canonical":"https:\/\/www.tv-muenster.de\/tanzen\/2024\/03\/14\/offener-tanzwettkampf-in-weisskirchen\/","og_locale":"de_DE","og_type":"article","og_title":"Offener Tanzwettkampf in Wei\u00dfkirchen - Tanzen","og_description":"Am Samstag, den 09.03.2024 fand in Wei\u00dfkirchen der offene Tanzwettkampf mehr erfahren","og_url":"https:\/\/www.tv-muenster.de\/tanzen\/2024\/03\/14\/offener-tanzwettkampf-in-weisskirchen\/","og_site_name":"Tanzen","article_published_time":"2024-03-14T14:02:21+00:00","article_modified_time":"2024-03-14T14:10:29+00:00","og_image":[{"width":2048,"height":2048,"url":"https:\/\/www.tv-muenster.de\/tanzen\/wp-content\/uploads\/sites\/6\/2024\/03\/sieger-1.jpg","type":"image\/jpeg"}],"author":"dancecup","twitter_card":"summary_large_image","twitter_misc":{"Geschrieben von":"dancecup","Gesch\u00e4tzte Lesezeit":"1\u00a0Minute"},"schema":{"@context":"https:\/\/schema.org","@graph":[{"@type":"WebPage","@id":"https:\/\/www.tv-muenster.de\/tanzen\/2024\/03\/14\/offener-tanzwettkampf-in-weisskirchen\/","url":"https:\/\/www.tv-muenster.de\/tanzen\/2024\/03\/14\/offener-tanzwettkampf-in-weisskirchen\/","name":"Offener Tanzwettkampf in Wei\u00dfkirchen - Tanzen","isPartOf":{"@id":"https:\/\/www.tv-muenster.de\/tanzen\/#website"},"datePublished":"2024-03-14T14:02:21+00:00","dateModified":"2024-03-14T14:10:29+00:00","author":{"@id":"https:\/\/www.tv-muenster.de\/tanzen\/#\/schema\/person\/5bef8d5f256b9ee52ac4af2b865c2d2d"},"breadcrumb":{"@id":"https:\/\/www.tv-muenster.de\/tanzen\/2024\/03\/14\/offener-tanzwettkampf-in-weisskirchen\/#breadcrumb"},"inLanguage":"de","potentialAction":[{"@type":"ReadAction","target":["https:\/\/www.tv-muenster.de\/tanzen\/2024\/03\/14\/offener-tanzwettkampf-in-weisskirchen\/"]}]},{"@type":"BreadcrumbList","@id":"https:\/\/www.tv-muenster.de\/tanzen\/2024\/03\/14\/offener-tanzwettkampf-in-weisskirchen\/#breadcrumb","itemListElement":[{"@type":"ListItem","position":1,"name":"Startseite","item":"https:\/\/www.tv-muenster.de\/tanzen\/"},{"@type":"ListItem","position":2,"name":"Offener Tanzwettkampf in Wei\u00dfkirchen"}]},{"@type":"WebSite","@id":"https:\/\/www.tv-muenster.de\/tanzen\/#website","url":"https:\/\/www.tv-muenster.de\/tanzen\/","name":"Tanzen","description":"Eine weitere Turnverein 1898 M\u00fcnster e.V. Website","potentialAction":[{"@type":"SearchAction","target":{"@type":"EntryPoint","urlTemplate":"https:\/\/www.tv-muenster.de\/tanzen\/?s={search_term_string}"},"query-input":"required name=search_term_string"}],"inLanguage":"de"},{"@type":"Person","@id":"https:\/\/www.tv-muenster.de\/tanzen\/#\/schema\/person\/5bef8d5f256b9ee52ac4af2b865c2d2d","name":"dancecup","image":{"@type":"ImageObject","inLanguage":"de","@id":"https:\/\/www.tv-muenster.de\/tanzen\/#\/schema\/person\/image\/","url":"https:\/\/secure.gravatar.com\/avatar\/3d42b390c9f07a85e39f75ff9914823c?s=96&d=mm&r=g","contentUrl":"https:\/\/secure.gravatar.com\/avatar\/3d42b390c9f07a85e39f75ff9914823c?s=96&d=mm&r=g","caption":"dancecup"},"url":"https:\/\/www.tv-muenster.de\/tanzen\/author\/dancecup\/"}]}},"_links":{"self":[{"href":"https:\/\/www.tv-muenster.de\/tanzen\/wp-json\/wp\/v2\/posts\/2779"}],"collection":[{"href":"https:\/\/www.tv-muenster.de\/tanzen\/wp-json\/wp\/v2\/posts"}],"about":[{"href":"https:\/\/www.tv-muenster.de\/tanzen\/wp-json\/wp\/v2\/types\/post"}],"author":[{"embeddable":true,"href":"https:\/\/www.tv-muenster.de\/tanzen\/wp-json\/wp\/v2\/users\/10"}],"replies":[{"embeddable":true,"href":"https:\/\/www.tv-muenster.de\/tanzen\/wp-json\/wp\/v2\/comments?post=2779"}],"version-history":[{"count":6,"href":"https:\/\/www.tv-muenster.de\/tanzen\/wp-json\/wp\/v2\/posts\/2779\/revisions"}],"predecessor-version":[{"id":2787,"href":"https:\/\/www.tv-muenster.de\/tanzen\/wp-json\/wp\/v2\/posts\/2779\/revisions\/2787"}],"wp:featuredmedia":[{"embeddable":true,"href":"https:\/\/www.tv-muenster.de\/tanzen\/wp-json\/wp\/v2\/media\/2783"}],"wp:attachment":[{"href":"https:\/\/www.tv-muenster.de\/tanzen\/wp-json\/wp\/v2\/media?parent=2779"}],"wp:term":[{"taxonomy":"category","embeddable":true,"href":"https:\/\/www.tv-muenster.de\/tanzen\/wp-json\/wp\/v2\/categories?post=2779"},{"taxonomy":"post_tag","embeddable":true,"href":"https:\/\/www.tv-muenster.de\/tanzen\/wp-json\/wp\/v2\/tags?post=2779"}],"curies":[{"name":"wp","href":"https:\/\/api.w.org\/{rel}","templated":true}]}}