{"id":3001,"date":"2025-06-16T13:27:25","date_gmt":"2025-06-16T11:27:25","guid":{"rendered":"https:\/\/www.tv-muenster.de\/tanzen\/?p=3001"},"modified":"2025-06-17T08:59:43","modified_gmt":"2025-06-17T06:59:43","slug":"saison-jmc-2025","status":"publish","type":"post","link":"https:\/\/www.tv-muenster.de\/tanzen\/2025\/06\/16\/saison-jmc-2025\/","title":{"rendered":"Saison JMC 2025"},"content":{"rendered":"<p>Mit dem Abschluss der Saison 2025 blicken unsere drei Jazz-Modern-Contemporary -Mannschaften \u2013 Joy, Bailando und Novita \u2013 auf eine ereignisreiche und lehrreiche Wettkampfsaison zur\u00fcck. Insgesamt nahmen unsere Teams an vier Turnieren teil und sammelten wertvolle Erfahrungen sowie sportliche Erfolge.<\/p>\n<p>Joy \u2013 Erstes Jahr in der Kinderlandesliga<br \/>\nF\u00fcr unsere Nachwuchsgruppe Joy war es eine ganz besondere Saison: Zum ersten Mal startete das Team im Ligabereich und stellte sich der Konkurrenz in der Kinderlandesliga. Die jungen T\u00e4nzerinnen begeisterten mit Energie und Freude und wurden daf\u00fcr mit einem hervorragenden 6. Platz belohnt.<\/p>\n<p>Bailando \u2013 Deb\u00fct im Erwachsenenbereich<br \/>\nAuch Bailando wagte 2025 den n\u00e4chsten Schritt und trat erstmals in der Verbandsliga der Erwachsenen an. Der Einstieg in die h\u00f6here Altersklasse war eine spannende Herausforderung, die das Team mit gro\u00dfem Ehrgeiz annahm. Am Ende der Saison sicherte sich Bailando den 7. Platz.<\/p>\n<p>Novita \u2013 Oberliga<br \/>\nNovita tanzte in dieser Saison in der Oberliga, nachdem sie im Vorjahr aufgestiegen war. Die Konkurrenz auf diesem Niveau war stark, dennoch k\u00e4mpfte sich das Team engagiert durch die Saison und belegte am Ende den 10. Platz.<\/p>\n<p>Wir sind stolz auf alle T\u00e4nzerinnen und T\u00e4nzer, die diese Saison mit so viel Leidenschaft und Teamgeist gemeistert haben. Jeder Platz steht f\u00fcr Einsatz, Entwicklung und Zusammenhalt \u2013 Werte, die unsere Vereinsarbeit auszeichnen. Wir freuen uns schon jetzt auf die kommende Saison!<\/p>\n<p>&nbsp;<\/p>\n<p><img loading=\"lazy\" decoding=\"async\" class=\"alignnone size-medium wp-image-3002\" src=\"https:\/\/www.tv-muenster.de\/tanzen\/wp-content\/uploads\/sites\/6\/2025\/06\/saison25-300x225.jpg\" alt=\"\" width=\"300\" height=\"225\" srcset=\"https:\/\/www.tv-muenster.de\/tanzen\/wp-content\/uploads\/sites\/6\/2025\/06\/saison25-300x225.jpg 300w, https:\/\/www.tv-muenster.de\/tanzen\/wp-content\/uploads\/sites\/6\/2025\/06\/saison25-1024x768.jpg 1024w, https:\/\/www.tv-muenster.de\/tanzen\/wp-content\/uploads\/sites\/6\/2025\/06\/saison25-768x576.jpg 768w, https:\/\/www.tv-muenster.de\/tanzen\/wp-content\/uploads\/sites\/6\/2025\/06\/saison25-1536x1152.jpg 1536w\" sizes=\"(max-width: 300px) 100vw, 300px\" \/><\/p>\n","protected":false},"excerpt":{"rendered":"<p>Mit dem Abschluss der Saison 2025 blicken unsere drei Jazz-Modern-Contemporary <a class=\"moretag\" href=\"https:\/\/www.tv-muenster.de\/tanzen\/2025\/06\/16\/saison-jmc-2025\/\"><br \/> <b>mehr erfahren<\/b><\/a><\/p>\n","protected":false},"author":10,"featured_media":3002,"comment_status":"open","ping_status":"open","sticky":false,"template":"","format":"standard","meta":{"footnotes":""},"categories":[1],"tags":[],"yoast_head":"<!-- This site is optimized with the Yoast SEO plugin v20.2.1 - https:\/\/yoast.com\/wordpress\/plugins\/seo\/ -->\n<title>Saison JMC 2025 - Tanzen<\/title>\n<meta name=\"robots\" content=\"index, follow, max-snippet:-1, max-image-preview:large, max-video-preview:-1\" \/>\n<link rel=\"canonical\" href=\"https:\/\/www.tv-muenster.de\/tanzen\/2025\/06\/16\/saison-jmc-2025\/\" \/>\n<meta property=\"og:locale\" content=\"de_DE\" \/>\n<meta property=\"og:type\" content=\"article\" \/>\n<meta property=\"og:title\" content=\"Saison JMC 2025 - Tanzen\" \/>\n<meta property=\"og:description\" content=\"Mit dem Abschluss der Saison 2025 blicken unsere drei Jazz-Modern-Contemporary mehr erfahren\" \/>\n<meta property=\"og:url\" content=\"https:\/\/www.tv-muenster.de\/tanzen\/2025\/06\/16\/saison-jmc-2025\/\" \/>\n<meta property=\"og:site_name\" content=\"Tanzen\" \/>\n<meta property=\"article:published_time\" content=\"2025-06-16T11:27:25+00:00\" \/>\n<meta property=\"article:modified_time\" content=\"2025-06-17T06:59:43+00:00\" \/>\n<meta property=\"og:image\" content=\"https:\/\/www.tv-muenster.de\/tanzen\/wp-content\/uploads\/sites\/6\/2025\/06\/saison25.jpg\" \/>\n\t<meta property=\"og:image:width\" content=\"2048\" \/>\n\t<meta property=\"og:image:height\" content=\"1536\" \/>\n\t<meta property=\"og:image:type\" content=\"image\/jpeg\" \/>\n<meta name=\"author\" content=\"dancecup\" \/>\n<meta name=\"twitter:card\" content=\"summary_large_image\" \/>\n<meta name=\"twitter:label1\" content=\"Geschrieben von\" \/>\n\t<meta name=\"twitter:data1\" content=\"dancecup\" \/>\n\t<meta name=\"twitter:label2\" content=\"Gesch\u00e4tzte Lesezeit\" \/>\n\t<meta name=\"twitter:data2\" content=\"2\u00a0Minuten\" \/>\n<script type=\"application\/ld+json\" class=\"yoast-schema-graph\">{\"@context\":\"https:\/\/schema.org\",\"@graph\":[{\"@type\":\"WebPage\",\"@id\":\"https:\/\/www.tv-muenster.de\/tanzen\/2025\/06\/16\/saison-jmc-2025\/\",\"url\":\"https:\/\/www.tv-muenster.de\/tanzen\/2025\/06\/16\/saison-jmc-2025\/\",\"name\":\"Saison JMC 2025 - Tanzen\",\"isPartOf\":{\"@id\":\"https:\/\/www.tv-muenster.de\/tanzen\/#website\"},\"datePublished\":\"2025-06-16T11:27:25+00:00\",\"dateModified\":\"2025-06-17T06:59:43+00:00\",\"author\":{\"@id\":\"https:\/\/www.tv-muenster.de\/tanzen\/#\/schema\/person\/5bef8d5f256b9ee52ac4af2b865c2d2d\"},\"breadcrumb\":{\"@id\":\"https:\/\/www.tv-muenster.de\/tanzen\/2025\/06\/16\/saison-jmc-2025\/#breadcrumb\"},\"inLanguage\":\"de\",\"potentialAction\":[{\"@type\":\"ReadAction\",\"target\":[\"https:\/\/www.tv-muenster.de\/tanzen\/2025\/06\/16\/saison-jmc-2025\/\"]}]},{\"@type\":\"BreadcrumbList\",\"@id\":\"https:\/\/www.tv-muenster.de\/tanzen\/2025\/06\/16\/saison-jmc-2025\/#breadcrumb\",\"itemListElement\":[{\"@type\":\"ListItem\",\"position\":1,\"name\":\"Startseite\",\"item\":\"https:\/\/www.tv-muenster.de\/tanzen\/\"},{\"@type\":\"ListItem\",\"position\":2,\"name\":\"Saison JMC 2025\"}]},{\"@type\":\"WebSite\",\"@id\":\"https:\/\/www.tv-muenster.de\/tanzen\/#website\",\"url\":\"https:\/\/www.tv-muenster.de\/tanzen\/\",\"name\":\"Tanzen\",\"description\":\"Eine weitere Turnverein 1898 M\u00fcnster e.V. Website\",\"potentialAction\":[{\"@type\":\"SearchAction\",\"target\":{\"@type\":\"EntryPoint\",\"urlTemplate\":\"https:\/\/www.tv-muenster.de\/tanzen\/?s={search_term_string}\"},\"query-input\":\"required name=search_term_string\"}],\"inLanguage\":\"de\"},{\"@type\":\"Person\",\"@id\":\"https:\/\/www.tv-muenster.de\/tanzen\/#\/schema\/person\/5bef8d5f256b9ee52ac4af2b865c2d2d\",\"name\":\"dancecup\",\"image\":{\"@type\":\"ImageObject\",\"inLanguage\":\"de\",\"@id\":\"https:\/\/www.tv-muenster.de\/tanzen\/#\/schema\/person\/image\/\",\"url\":\"https:\/\/secure.gravatar.com\/avatar\/3d42b390c9f07a85e39f75ff9914823c?s=96&d=mm&r=g\",\"contentUrl\":\"https:\/\/secure.gravatar.com\/avatar\/3d42b390c9f07a85e39f75ff9914823c?s=96&d=mm&r=g\",\"caption\":\"dancecup\"},\"url\":\"https:\/\/www.tv-muenster.de\/tanzen\/author\/dancecup\/\"}]}<\/script>\n<!-- \/ Yoast SEO plugin. -->","yoast_head_json":{"title":"Saison JMC 2025 - Tanzen","robots":{"index":"index","follow":"follow","max-snippet":"max-snippet:-1","max-image-preview":"max-image-preview:large","max-video-preview":"max-video-preview:-1"},"canonical":"https:\/\/www.tv-muenster.de\/tanzen\/2025\/06\/16\/saison-jmc-2025\/","og_locale":"de_DE","og_type":"article","og_title":"Saison JMC 2025 - Tanzen","og_description":"Mit dem Abschluss der Saison 2025 blicken unsere drei Jazz-Modern-Contemporary mehr erfahren","og_url":"https:\/\/www.tv-muenster.de\/tanzen\/2025\/06\/16\/saison-jmc-2025\/","og_site_name":"Tanzen","article_published_time":"2025-06-16T11:27:25+00:00","article_modified_time":"2025-06-17T06:59:43+00:00","og_image":[{"width":2048,"height":1536,"url":"https:\/\/www.tv-muenster.de\/tanzen\/wp-content\/uploads\/sites\/6\/2025\/06\/saison25.jpg","type":"image\/jpeg"}],"author":"dancecup","twitter_card":"summary_large_image","twitter_misc":{"Geschrieben von":"dancecup","Gesch\u00e4tzte Lesezeit":"2\u00a0Minuten"},"schema":{"@context":"https:\/\/schema.org","@graph":[{"@type":"WebPage","@id":"https:\/\/www.tv-muenster.de\/tanzen\/2025\/06\/16\/saison-jmc-2025\/","url":"https:\/\/www.tv-muenster.de\/tanzen\/2025\/06\/16\/saison-jmc-2025\/","name":"Saison JMC 2025 - Tanzen","isPartOf":{"@id":"https:\/\/www.tv-muenster.de\/tanzen\/#website"},"datePublished":"2025-06-16T11:27:25+00:00","dateModified":"2025-06-17T06:59:43+00:00","author":{"@id":"https:\/\/www.tv-muenster.de\/tanzen\/#\/schema\/person\/5bef8d5f256b9ee52ac4af2b865c2d2d"},"breadcrumb":{"@id":"https:\/\/www.tv-muenster.de\/tanzen\/2025\/06\/16\/saison-jmc-2025\/#breadcrumb"},"inLanguage":"de","potentialAction":[{"@type":"ReadAction","target":["https:\/\/www.tv-muenster.de\/tanzen\/2025\/06\/16\/saison-jmc-2025\/"]}]},{"@type":"BreadcrumbList","@id":"https:\/\/www.tv-muenster.de\/tanzen\/2025\/06\/16\/saison-jmc-2025\/#breadcrumb","itemListElement":[{"@type":"ListItem","position":1,"name":"Startseite","item":"https:\/\/www.tv-muenster.de\/tanzen\/"},{"@type":"ListItem","position":2,"name":"Saison JMC 2025"}]},{"@type":"WebSite","@id":"https:\/\/www.tv-muenster.de\/tanzen\/#website","url":"https:\/\/www.tv-muenster.de\/tanzen\/","name":"Tanzen","description":"Eine weitere Turnverein 1898 M\u00fcnster e.V. Website","potentialAction":[{"@type":"SearchAction","target":{"@type":"EntryPoint","urlTemplate":"https:\/\/www.tv-muenster.de\/tanzen\/?s={search_term_string}"},"query-input":"required name=search_term_string"}],"inLanguage":"de"},{"@type":"Person","@id":"https:\/\/www.tv-muenster.de\/tanzen\/#\/schema\/person\/5bef8d5f256b9ee52ac4af2b865c2d2d","name":"dancecup","image":{"@type":"ImageObject","inLanguage":"de","@id":"https:\/\/www.tv-muenster.de\/tanzen\/#\/schema\/person\/image\/","url":"https:\/\/secure.gravatar.com\/avatar\/3d42b390c9f07a85e39f75ff9914823c?s=96&d=mm&r=g","contentUrl":"https:\/\/secure.gravatar.com\/avatar\/3d42b390c9f07a85e39f75ff9914823c?s=96&d=mm&r=g","caption":"dancecup"},"url":"https:\/\/www.tv-muenster.de\/tanzen\/author\/dancecup\/"}]}},"_links":{"self":[{"href":"https:\/\/www.tv-muenster.de\/tanzen\/wp-json\/wp\/v2\/posts\/3001"}],"collection":[{"href":"https:\/\/www.tv-muenster.de\/tanzen\/wp-json\/wp\/v2\/posts"}],"about":[{"href":"https:\/\/www.tv-muenster.de\/tanzen\/wp-json\/wp\/v2\/types\/post"}],"author":[{"embeddable":true,"href":"https:\/\/www.tv-muenster.de\/tanzen\/wp-json\/wp\/v2\/users\/10"}],"replies":[{"embeddable":true,"href":"https:\/\/www.tv-muenster.de\/tanzen\/wp-json\/wp\/v2\/comments?post=3001"}],"version-history":[{"count":3,"href":"https:\/\/www.tv-muenster.de\/tanzen\/wp-json\/wp\/v2\/posts\/3001\/revisions"}],"predecessor-version":[{"id":3014,"href":"https:\/\/www.tv-muenster.de\/tanzen\/wp-json\/wp\/v2\/posts\/3001\/revisions\/3014"}],"wp:featuredmedia":[{"embeddable":true,"href":"https:\/\/www.tv-muenster.de\/tanzen\/wp-json\/wp\/v2\/media\/3002"}],"wp:attachment":[{"href":"https:\/\/www.tv-muenster.de\/tanzen\/wp-json\/wp\/v2\/media?parent=3001"}],"wp:term":[{"taxonomy":"category","embeddable":true,"href":"https:\/\/www.tv-muenster.de\/tanzen\/wp-json\/wp\/v2\/categories?post=3001"},{"taxonomy":"post_tag","embeddable":true,"href":"https:\/\/www.tv-muenster.de\/tanzen\/wp-json\/wp\/v2\/tags?post=3001"}],"curies":[{"name":"wp","href":"https:\/\/api.w.org\/{rel}","templated":true}]}}