{"id":3083,"date":"2025-06-01T10:16:21","date_gmt":"2025-06-01T08:16:21","guid":{"rendered":"https:\/\/www.tv-muenster.de\/tanzen\/?p=3083"},"modified":"2025-07-03T10:20:22","modified_gmt":"2025-07-03T08:20:22","slug":"zweipunktnull-beim-deutschen-turnfest-turnen-geht-immer-tanzen-auch","status":"publish","type":"post","link":"https:\/\/www.tv-muenster.de\/tanzen\/2025\/06\/01\/zweipunktnull-beim-deutschen-turnfest-turnen-geht-immer-tanzen-auch\/","title":{"rendered":"zweipunktnull beim Deutschen Turnfest: Turnen geht immer \u2013 Tanzen auch!"},"content":{"rendered":"<div><span style=\"font-family: HelveticaNeue\">Mit viel Energie und gro\u00dfer Leidenschaft war unsere Modern Dance-Mannschaft<b>\u00a0zweipunktnull<\/b>\u00a0beim diesj\u00e4hrigen Deutschen Turnfest in Leipzig dabei. Im\u00a0<b>Pokalwettkampf 30+<\/b>\u00a0tanzte sich das Team auf den 2. Platz. Auch wenn damit die Qualifikation f\u00fcr die Deutschen Meisterschaften knapp verpasst wurde, tat das der Freude \u00fcber die Teilnahme am gr\u00f6\u00dften deutschen Breitensportevent keinen Abbruch.<\/span><\/div>\n<div><span style=\"font-family: HelveticaNeue\">Am Samstag nutzten die T\u00e4nzerinnen die Gelegenheit, andere Wettbewerbe zu besuchen, sich inspirieren zu lassen und die besondere Atmosph\u00e4re in Leipzig aufzusaugen. Und die war ganz im Sinne des Turnfest-Mottos: \u201e<b>Turnen geht immer<\/b>\u201c \u2013 und das gilt selbstverst\u00e4ndlich auch f\u00fcr Modern Dance!<\/span><\/div>\n<div><span style=\"font-family: HelveticaNeue\">Die Begeisterung, die Vielfalt der Disziplinen und das Miteinander mit anderen Gruppen machten das Wochenende f\u00fcr das Team zu einem echten Gemeinschaftserlebnis. Die Gruppe zweipunktnull besteht seit vielen Jahren und wird mit viel Herzblut von\u00a0<b>Marion Dressel<\/b>\u00a0trainiert. Neben der Leidenschaft f\u00fcrs Tanzen stehen f\u00fcr das Team vor allem Teamgeist, Freundschaft und das gemeinsame Erleben im Mittelpunkt \u2013 Werte, die beim Turnfest auf besonders sch\u00f6ne Weise sp\u00fcrbar wurden.<\/span><\/div>\n<div><span style=\"font-family: HelveticaNeue\">Mit vielen Eindr\u00fccken und neuer Motivation geht es f\u00fcr die T\u00e4nzerinnen nun zur\u00fcck nach M\u00fcnster \u2013 im Gep\u00e4ck nicht nur die Medaillen, sondern auch das gute Gef\u00fchl:\u00a0<b>Leipzig hat verbunden.<\/b><\/span><\/div>\n<div><\/div>\n<div><img loading=\"lazy\" decoding=\"async\" class=\"alignnone size-medium wp-image-3087\" src=\"https:\/\/www.tv-muenster.de\/tanzen\/wp-content\/uploads\/sites\/6\/2025\/07\/zweipunktnull_02-300x198.jpg\" alt=\"\" width=\"300\" height=\"198\" srcset=\"https:\/\/www.tv-muenster.de\/tanzen\/wp-content\/uploads\/sites\/6\/2025\/07\/zweipunktnull_02-300x198.jpg 300w, https:\/\/www.tv-muenster.de\/tanzen\/wp-content\/uploads\/sites\/6\/2025\/07\/zweipunktnull_02-1024x674.jpg 1024w, https:\/\/www.tv-muenster.de\/tanzen\/wp-content\/uploads\/sites\/6\/2025\/07\/zweipunktnull_02-768x506.jpg 768w, https:\/\/www.tv-muenster.de\/tanzen\/wp-content\/uploads\/sites\/6\/2025\/07\/zweipunktnull_02.jpg 1125w\" sizes=\"(max-width: 300px) 100vw, 300px\" \/><img loading=\"lazy\" decoding=\"async\" class=\"alignnone size-medium wp-image-3086\" src=\"https:\/\/www.tv-muenster.de\/tanzen\/wp-content\/uploads\/sites\/6\/2025\/07\/zweipunktnull_01-300x224.jpg\" alt=\"\" width=\"300\" height=\"224\" srcset=\"https:\/\/www.tv-muenster.de\/tanzen\/wp-content\/uploads\/sites\/6\/2025\/07\/zweipunktnull_01-300x224.jpg 300w, https:\/\/www.tv-muenster.de\/tanzen\/wp-content\/uploads\/sites\/6\/2025\/07\/zweipunktnull_01-1024x764.jpg 1024w, https:\/\/www.tv-muenster.de\/tanzen\/wp-content\/uploads\/sites\/6\/2025\/07\/zweipunktnull_01-768x573.jpg 768w, https:\/\/www.tv-muenster.de\/tanzen\/wp-content\/uploads\/sites\/6\/2025\/07\/zweipunktnull_01.jpg 1125w\" sizes=\"(max-width: 300px) 100vw, 300px\" \/><img loading=\"lazy\" decoding=\"async\" class=\"alignnone size-medium wp-image-3085\" src=\"https:\/\/www.tv-muenster.de\/tanzen\/wp-content\/uploads\/sites\/6\/2025\/07\/zweipunktnull_00-300x204.jpg\" alt=\"\" width=\"300\" height=\"204\" srcset=\"https:\/\/www.tv-muenster.de\/tanzen\/wp-content\/uploads\/sites\/6\/2025\/07\/zweipunktnull_00-300x204.jpg 300w, https:\/\/www.tv-muenster.de\/tanzen\/wp-content\/uploads\/sites\/6\/2025\/07\/zweipunktnull_00-1024x697.jpg 1024w, https:\/\/www.tv-muenster.de\/tanzen\/wp-content\/uploads\/sites\/6\/2025\/07\/zweipunktnull_00-768x523.jpg 768w, https:\/\/www.tv-muenster.de\/tanzen\/wp-content\/uploads\/sites\/6\/2025\/07\/zweipunktnull_00-1536x1045.jpg 1536w, https:\/\/www.tv-muenster.de\/tanzen\/wp-content\/uploads\/sites\/6\/2025\/07\/zweipunktnull_00-140x96.jpg 140w\" sizes=\"(max-width: 300px) 100vw, 300px\" \/><img loading=\"lazy\" decoding=\"async\" class=\"alignnone size-medium wp-image-3084\" src=\"https:\/\/www.tv-muenster.de\/tanzen\/wp-content\/uploads\/sites\/6\/2025\/07\/zweipunktnull_03-300x200.jpg\" alt=\"\" width=\"300\" height=\"200\" srcset=\"https:\/\/www.tv-muenster.de\/tanzen\/wp-content\/uploads\/sites\/6\/2025\/07\/zweipunktnull_03-300x200.jpg 300w, https:\/\/www.tv-muenster.de\/tanzen\/wp-content\/uploads\/sites\/6\/2025\/07\/zweipunktnull_03-1024x683.jpg 1024w, https:\/\/www.tv-muenster.de\/tanzen\/wp-content\/uploads\/sites\/6\/2025\/07\/zweipunktnull_03-768x512.jpg 768w, https:\/\/www.tv-muenster.de\/tanzen\/wp-content\/uploads\/sites\/6\/2025\/07\/zweipunktnull_03-1536x1024.jpg 1536w\" sizes=\"(max-width: 300px) 100vw, 300px\" \/><\/div>\n","protected":false},"excerpt":{"rendered":"<p>Mit viel Energie und gro\u00dfer Leidenschaft war unsere Modern Dance-Mannschaft\u00a0zweipunktnull\u00a0beim <a class=\"moretag\" href=\"https:\/\/www.tv-muenster.de\/tanzen\/2025\/06\/01\/zweipunktnull-beim-deutschen-turnfest-turnen-geht-immer-tanzen-auch\/\"><br \/> <b>mehr erfahren<\/b><\/a><\/p>\n","protected":false},"author":10,"featured_media":3085,"comment_status":"open","ping_status":"open","sticky":false,"template":"","format":"standard","meta":{"footnotes":""},"categories":[1],"tags":[],"yoast_head":"<!-- This site is optimized with the Yoast SEO plugin v20.2.1 - https:\/\/yoast.com\/wordpress\/plugins\/seo\/ -->\n<title>zweipunktnull beim Deutschen Turnfest: Turnen geht immer \u2013 Tanzen auch! - Tanzen<\/title>\n<meta name=\"robots\" content=\"index, follow, max-snippet:-1, max-image-preview:large, max-video-preview:-1\" \/>\n<link rel=\"canonical\" href=\"https:\/\/www.tv-muenster.de\/tanzen\/2025\/06\/01\/zweipunktnull-beim-deutschen-turnfest-turnen-geht-immer-tanzen-auch\/\" \/>\n<meta property=\"og:locale\" content=\"de_DE\" \/>\n<meta property=\"og:type\" content=\"article\" \/>\n<meta property=\"og:title\" content=\"zweipunktnull beim Deutschen Turnfest: Turnen geht immer \u2013 Tanzen auch! - Tanzen\" \/>\n<meta property=\"og:description\" content=\"Mit viel Energie und gro\u00dfer Leidenschaft war unsere Modern Dance-Mannschaft\u00a0zweipunktnull\u00a0beim mehr erfahren\" \/>\n<meta property=\"og:url\" content=\"https:\/\/www.tv-muenster.de\/tanzen\/2025\/06\/01\/zweipunktnull-beim-deutschen-turnfest-turnen-geht-immer-tanzen-auch\/\" \/>\n<meta property=\"og:site_name\" content=\"Tanzen\" \/>\n<meta property=\"article:published_time\" content=\"2025-06-01T08:16:21+00:00\" \/>\n<meta property=\"article:modified_time\" content=\"2025-07-03T08:20:22+00:00\" \/>\n<meta property=\"og:image\" content=\"https:\/\/www.tv-muenster.de\/tanzen\/wp-content\/uploads\/sites\/6\/2025\/07\/zweipunktnull_00.jpg\" \/>\n\t<meta property=\"og:image:width\" content=\"1647\" \/>\n\t<meta property=\"og:image:height\" content=\"1121\" \/>\n\t<meta property=\"og:image:type\" content=\"image\/jpeg\" \/>\n<meta name=\"author\" content=\"dancecup\" \/>\n<meta name=\"twitter:card\" content=\"summary_large_image\" \/>\n<meta name=\"twitter:label1\" content=\"Geschrieben von\" \/>\n\t<meta name=\"twitter:data1\" content=\"dancecup\" \/>\n\t<meta name=\"twitter:label2\" content=\"Gesch\u00e4tzte Lesezeit\" \/>\n\t<meta name=\"twitter:data2\" content=\"2\u00a0Minuten\" \/>\n<script type=\"application\/ld+json\" class=\"yoast-schema-graph\">{\"@context\":\"https:\/\/schema.org\",\"@graph\":[{\"@type\":\"WebPage\",\"@id\":\"https:\/\/www.tv-muenster.de\/tanzen\/2025\/06\/01\/zweipunktnull-beim-deutschen-turnfest-turnen-geht-immer-tanzen-auch\/\",\"url\":\"https:\/\/www.tv-muenster.de\/tanzen\/2025\/06\/01\/zweipunktnull-beim-deutschen-turnfest-turnen-geht-immer-tanzen-auch\/\",\"name\":\"zweipunktnull beim Deutschen Turnfest: Turnen geht immer \u2013 Tanzen auch! - Tanzen\",\"isPartOf\":{\"@id\":\"https:\/\/www.tv-muenster.de\/tanzen\/#website\"},\"datePublished\":\"2025-06-01T08:16:21+00:00\",\"dateModified\":\"2025-07-03T08:20:22+00:00\",\"author\":{\"@id\":\"https:\/\/www.tv-muenster.de\/tanzen\/#\/schema\/person\/5bef8d5f256b9ee52ac4af2b865c2d2d\"},\"breadcrumb\":{\"@id\":\"https:\/\/www.tv-muenster.de\/tanzen\/2025\/06\/01\/zweipunktnull-beim-deutschen-turnfest-turnen-geht-immer-tanzen-auch\/#breadcrumb\"},\"inLanguage\":\"de\",\"potentialAction\":[{\"@type\":\"ReadAction\",\"target\":[\"https:\/\/www.tv-muenster.de\/tanzen\/2025\/06\/01\/zweipunktnull-beim-deutschen-turnfest-turnen-geht-immer-tanzen-auch\/\"]}]},{\"@type\":\"BreadcrumbList\",\"@id\":\"https:\/\/www.tv-muenster.de\/tanzen\/2025\/06\/01\/zweipunktnull-beim-deutschen-turnfest-turnen-geht-immer-tanzen-auch\/#breadcrumb\",\"itemListElement\":[{\"@type\":\"ListItem\",\"position\":1,\"name\":\"Startseite\",\"item\":\"https:\/\/www.tv-muenster.de\/tanzen\/\"},{\"@type\":\"ListItem\",\"position\":2,\"name\":\"zweipunktnull beim Deutschen Turnfest: Turnen geht immer \u2013 Tanzen auch!\"}]},{\"@type\":\"WebSite\",\"@id\":\"https:\/\/www.tv-muenster.de\/tanzen\/#website\",\"url\":\"https:\/\/www.tv-muenster.de\/tanzen\/\",\"name\":\"Tanzen\",\"description\":\"Eine weitere Turnverein 1898 M\u00fcnster e.V. Website\",\"potentialAction\":[{\"@type\":\"SearchAction\",\"target\":{\"@type\":\"EntryPoint\",\"urlTemplate\":\"https:\/\/www.tv-muenster.de\/tanzen\/?s={search_term_string}\"},\"query-input\":\"required name=search_term_string\"}],\"inLanguage\":\"de\"},{\"@type\":\"Person\",\"@id\":\"https:\/\/www.tv-muenster.de\/tanzen\/#\/schema\/person\/5bef8d5f256b9ee52ac4af2b865c2d2d\",\"name\":\"dancecup\",\"image\":{\"@type\":\"ImageObject\",\"inLanguage\":\"de\",\"@id\":\"https:\/\/www.tv-muenster.de\/tanzen\/#\/schema\/person\/image\/\",\"url\":\"https:\/\/secure.gravatar.com\/avatar\/3d42b390c9f07a85e39f75ff9914823c?s=96&d=mm&r=g\",\"contentUrl\":\"https:\/\/secure.gravatar.com\/avatar\/3d42b390c9f07a85e39f75ff9914823c?s=96&d=mm&r=g\",\"caption\":\"dancecup\"},\"url\":\"https:\/\/www.tv-muenster.de\/tanzen\/author\/dancecup\/\"}]}<\/script>\n<!-- \/ Yoast SEO plugin. -->","yoast_head_json":{"title":"zweipunktnull beim Deutschen Turnfest: Turnen geht immer \u2013 Tanzen auch! - Tanzen","robots":{"index":"index","follow":"follow","max-snippet":"max-snippet:-1","max-image-preview":"max-image-preview:large","max-video-preview":"max-video-preview:-1"},"canonical":"https:\/\/www.tv-muenster.de\/tanzen\/2025\/06\/01\/zweipunktnull-beim-deutschen-turnfest-turnen-geht-immer-tanzen-auch\/","og_locale":"de_DE","og_type":"article","og_title":"zweipunktnull beim Deutschen Turnfest: Turnen geht immer \u2013 Tanzen auch! - Tanzen","og_description":"Mit viel Energie und gro\u00dfer Leidenschaft war unsere Modern Dance-Mannschaft\u00a0zweipunktnull\u00a0beim mehr erfahren","og_url":"https:\/\/www.tv-muenster.de\/tanzen\/2025\/06\/01\/zweipunktnull-beim-deutschen-turnfest-turnen-geht-immer-tanzen-auch\/","og_site_name":"Tanzen","article_published_time":"2025-06-01T08:16:21+00:00","article_modified_time":"2025-07-03T08:20:22+00:00","og_image":[{"width":1647,"height":1121,"url":"https:\/\/www.tv-muenster.de\/tanzen\/wp-content\/uploads\/sites\/6\/2025\/07\/zweipunktnull_00.jpg","type":"image\/jpeg"}],"author":"dancecup","twitter_card":"summary_large_image","twitter_misc":{"Geschrieben von":"dancecup","Gesch\u00e4tzte Lesezeit":"2\u00a0Minuten"},"schema":{"@context":"https:\/\/schema.org","@graph":[{"@type":"WebPage","@id":"https:\/\/www.tv-muenster.de\/tanzen\/2025\/06\/01\/zweipunktnull-beim-deutschen-turnfest-turnen-geht-immer-tanzen-auch\/","url":"https:\/\/www.tv-muenster.de\/tanzen\/2025\/06\/01\/zweipunktnull-beim-deutschen-turnfest-turnen-geht-immer-tanzen-auch\/","name":"zweipunktnull beim Deutschen Turnfest: Turnen geht immer \u2013 Tanzen auch! - Tanzen","isPartOf":{"@id":"https:\/\/www.tv-muenster.de\/tanzen\/#website"},"datePublished":"2025-06-01T08:16:21+00:00","dateModified":"2025-07-03T08:20:22+00:00","author":{"@id":"https:\/\/www.tv-muenster.de\/tanzen\/#\/schema\/person\/5bef8d5f256b9ee52ac4af2b865c2d2d"},"breadcrumb":{"@id":"https:\/\/www.tv-muenster.de\/tanzen\/2025\/06\/01\/zweipunktnull-beim-deutschen-turnfest-turnen-geht-immer-tanzen-auch\/#breadcrumb"},"inLanguage":"de","potentialAction":[{"@type":"ReadAction","target":["https:\/\/www.tv-muenster.de\/tanzen\/2025\/06\/01\/zweipunktnull-beim-deutschen-turnfest-turnen-geht-immer-tanzen-auch\/"]}]},{"@type":"BreadcrumbList","@id":"https:\/\/www.tv-muenster.de\/tanzen\/2025\/06\/01\/zweipunktnull-beim-deutschen-turnfest-turnen-geht-immer-tanzen-auch\/#breadcrumb","itemListElement":[{"@type":"ListItem","position":1,"name":"Startseite","item":"https:\/\/www.tv-muenster.de\/tanzen\/"},{"@type":"ListItem","position":2,"name":"zweipunktnull beim Deutschen Turnfest: Turnen geht immer \u2013 Tanzen auch!"}]},{"@type":"WebSite","@id":"https:\/\/www.tv-muenster.de\/tanzen\/#website","url":"https:\/\/www.tv-muenster.de\/tanzen\/","name":"Tanzen","description":"Eine weitere Turnverein 1898 M\u00fcnster e.V. Website","potentialAction":[{"@type":"SearchAction","target":{"@type":"EntryPoint","urlTemplate":"https:\/\/www.tv-muenster.de\/tanzen\/?s={search_term_string}"},"query-input":"required name=search_term_string"}],"inLanguage":"de"},{"@type":"Person","@id":"https:\/\/www.tv-muenster.de\/tanzen\/#\/schema\/person\/5bef8d5f256b9ee52ac4af2b865c2d2d","name":"dancecup","image":{"@type":"ImageObject","inLanguage":"de","@id":"https:\/\/www.tv-muenster.de\/tanzen\/#\/schema\/person\/image\/","url":"https:\/\/secure.gravatar.com\/avatar\/3d42b390c9f07a85e39f75ff9914823c?s=96&d=mm&r=g","contentUrl":"https:\/\/secure.gravatar.com\/avatar\/3d42b390c9f07a85e39f75ff9914823c?s=96&d=mm&r=g","caption":"dancecup"},"url":"https:\/\/www.tv-muenster.de\/tanzen\/author\/dancecup\/"}]}},"_links":{"self":[{"href":"https:\/\/www.tv-muenster.de\/tanzen\/wp-json\/wp\/v2\/posts\/3083"}],"collection":[{"href":"https:\/\/www.tv-muenster.de\/tanzen\/wp-json\/wp\/v2\/posts"}],"about":[{"href":"https:\/\/www.tv-muenster.de\/tanzen\/wp-json\/wp\/v2\/types\/post"}],"author":[{"embeddable":true,"href":"https:\/\/www.tv-muenster.de\/tanzen\/wp-json\/wp\/v2\/users\/10"}],"replies":[{"embeddable":true,"href":"https:\/\/www.tv-muenster.de\/tanzen\/wp-json\/wp\/v2\/comments?post=3083"}],"version-history":[{"count":1,"href":"https:\/\/www.tv-muenster.de\/tanzen\/wp-json\/wp\/v2\/posts\/3083\/revisions"}],"predecessor-version":[{"id":3088,"href":"https:\/\/www.tv-muenster.de\/tanzen\/wp-json\/wp\/v2\/posts\/3083\/revisions\/3088"}],"wp:featuredmedia":[{"embeddable":true,"href":"https:\/\/www.tv-muenster.de\/tanzen\/wp-json\/wp\/v2\/media\/3085"}],"wp:attachment":[{"href":"https:\/\/www.tv-muenster.de\/tanzen\/wp-json\/wp\/v2\/media?parent=3083"}],"wp:term":[{"taxonomy":"category","embeddable":true,"href":"https:\/\/www.tv-muenster.de\/tanzen\/wp-json\/wp\/v2\/categories?post=3083"},{"taxonomy":"post_tag","embeddable":true,"href":"https:\/\/www.tv-muenster.de\/tanzen\/wp-json\/wp\/v2\/tags?post=3083"}],"curies":[{"name":"wp","href":"https:\/\/api.w.org\/{rel}","templated":true}]}}