{"id":3146,"date":"2025-09-15T10:59:27","date_gmt":"2025-09-15T08:59:27","guid":{"rendered":"https:\/\/www.tv-muenster.de\/tanzen\/?p=3146"},"modified":"2025-09-15T12:04:41","modified_gmt":"2025-09-15T10:04:41","slug":"kerbumzug-abteilungen-tanzen-und-turnen-des-tv-1898-muenster-waren-mit-dabei","status":"publish","type":"post","link":"https:\/\/www.tv-muenster.de\/tanzen\/2025\/09\/15\/kerbumzug-abteilungen-tanzen-und-turnen-des-tv-1898-muenster-waren-mit-dabei\/","title":{"rendered":"Kerbumzug &#8211; Abteilungen Tanzen und Turnen des TV 1898 M\u00fcnster waren mit dabei"},"content":{"rendered":"<p><img loading=\"lazy\" decoding=\"async\" class=\"alignnone size-medium wp-image-3147\" src=\"https:\/\/www.tv-muenster.de\/tanzen\/wp-content\/uploads\/sites\/6\/2025\/09\/kerbumzug-300x225.jpg\" alt=\"\" width=\"300\" height=\"225\" \/><img loading=\"lazy\" decoding=\"async\" class=\"alignnone size-medium wp-image-3148\" src=\"https:\/\/www.tv-muenster.de\/tanzen\/wp-content\/uploads\/sites\/6\/2025\/09\/kerbumzug1-225x300.jpg\" alt=\"\" width=\"225\" height=\"300\" srcset=\"https:\/\/www.tv-muenster.de\/tanzen\/wp-content\/uploads\/sites\/6\/2025\/09\/kerbumzug1-225x300.jpg 225w, https:\/\/www.tv-muenster.de\/tanzen\/wp-content\/uploads\/sites\/6\/2025\/09\/kerbumzug1-768x1024.jpg 768w, https:\/\/www.tv-muenster.de\/tanzen\/wp-content\/uploads\/sites\/6\/2025\/09\/kerbumzug1-1152x1536.jpg 1152w, https:\/\/www.tv-muenster.de\/tanzen\/wp-content\/uploads\/sites\/6\/2025\/09\/kerbumzug1-1536x2048.jpg 1536w\" sizes=\"(max-width: 225px) 100vw, 225px\" \/><br \/>\nBei strahlendem Sonnenschein und bester Stimmung nahmen auch die Abteilungen Tanzen und Turnen des Turnvereins am diesj\u00e4hrigen Kerbumzug teil. Mit viel Freude und Energie tanzten die Mitglieder durch die Stra\u00dfen und sorgten f\u00fcr gute Laune bei den Zuschauerinnen und Zuschauern.<\/p>\n","protected":false},"excerpt":{"rendered":"<p>Bei strahlendem Sonnenschein und bester Stimmung nahmen auch die Abteilungen <a class=\"moretag\" href=\"https:\/\/www.tv-muenster.de\/tanzen\/2025\/09\/15\/kerbumzug-abteilungen-tanzen-und-turnen-des-tv-1898-muenster-waren-mit-dabei\/\"><br \/> <b>mehr erfahren<\/b><\/a><\/p>\n","protected":false},"author":10,"featured_media":3147,"comment_status":"open","ping_status":"open","sticky":false,"template":"","format":"standard","meta":{"footnotes":""},"categories":[1],"tags":[],"yoast_head":"<!-- This site is optimized with the Yoast SEO plugin v20.2.1 - https:\/\/yoast.com\/wordpress\/plugins\/seo\/ -->\n<title>Kerbumzug - Abteilungen Tanzen und Turnen des TV 1898 M\u00fcnster waren mit dabei - Tanzen<\/title>\n<meta name=\"robots\" content=\"index, follow, max-snippet:-1, max-image-preview:large, max-video-preview:-1\" \/>\n<link rel=\"canonical\" href=\"https:\/\/www.tv-muenster.de\/tanzen\/2025\/09\/15\/kerbumzug-abteilungen-tanzen-und-turnen-des-tv-1898-muenster-waren-mit-dabei\/\" \/>\n<meta property=\"og:locale\" content=\"de_DE\" \/>\n<meta property=\"og:type\" content=\"article\" \/>\n<meta property=\"og:title\" content=\"Kerbumzug - Abteilungen Tanzen und Turnen des TV 1898 M\u00fcnster waren mit dabei - Tanzen\" \/>\n<meta property=\"og:description\" content=\"Bei strahlendem Sonnenschein und bester Stimmung nahmen auch die Abteilungen mehr erfahren\" \/>\n<meta property=\"og:url\" content=\"https:\/\/www.tv-muenster.de\/tanzen\/2025\/09\/15\/kerbumzug-abteilungen-tanzen-und-turnen-des-tv-1898-muenster-waren-mit-dabei\/\" \/>\n<meta property=\"og:site_name\" content=\"Tanzen\" \/>\n<meta property=\"article:published_time\" content=\"2025-09-15T08:59:27+00:00\" \/>\n<meta property=\"article:modified_time\" content=\"2025-09-15T10:04:41+00:00\" \/>\n<meta property=\"og:image\" content=\"https:\/\/www.tv-muenster.de\/tanzen\/wp-content\/uploads\/sites\/6\/2025\/09\/kerbumzug-e1757926481671.jpg\" \/>\n\t<meta property=\"og:image:width\" content=\"1600\" \/>\n\t<meta property=\"og:image:height\" content=\"941\" \/>\n\t<meta property=\"og:image:type\" content=\"image\/jpeg\" \/>\n<meta name=\"author\" content=\"dancecup\" \/>\n<meta name=\"twitter:card\" content=\"summary_large_image\" \/>\n<meta name=\"twitter:label1\" content=\"Geschrieben von\" \/>\n\t<meta name=\"twitter:data1\" content=\"dancecup\" \/>\n\t<meta name=\"twitter:label2\" content=\"Gesch\u00e4tzte Lesezeit\" \/>\n\t<meta name=\"twitter:data2\" content=\"1\u00a0Minute\" \/>\n<script type=\"application\/ld+json\" class=\"yoast-schema-graph\">{\"@context\":\"https:\/\/schema.org\",\"@graph\":[{\"@type\":\"WebPage\",\"@id\":\"https:\/\/www.tv-muenster.de\/tanzen\/2025\/09\/15\/kerbumzug-abteilungen-tanzen-und-turnen-des-tv-1898-muenster-waren-mit-dabei\/\",\"url\":\"https:\/\/www.tv-muenster.de\/tanzen\/2025\/09\/15\/kerbumzug-abteilungen-tanzen-und-turnen-des-tv-1898-muenster-waren-mit-dabei\/\",\"name\":\"Kerbumzug - Abteilungen Tanzen und Turnen des TV 1898 M\u00fcnster waren mit dabei - Tanzen\",\"isPartOf\":{\"@id\":\"https:\/\/www.tv-muenster.de\/tanzen\/#website\"},\"datePublished\":\"2025-09-15T08:59:27+00:00\",\"dateModified\":\"2025-09-15T10:04:41+00:00\",\"author\":{\"@id\":\"https:\/\/www.tv-muenster.de\/tanzen\/#\/schema\/person\/5bef8d5f256b9ee52ac4af2b865c2d2d\"},\"breadcrumb\":{\"@id\":\"https:\/\/www.tv-muenster.de\/tanzen\/2025\/09\/15\/kerbumzug-abteilungen-tanzen-und-turnen-des-tv-1898-muenster-waren-mit-dabei\/#breadcrumb\"},\"inLanguage\":\"de\",\"potentialAction\":[{\"@type\":\"ReadAction\",\"target\":[\"https:\/\/www.tv-muenster.de\/tanzen\/2025\/09\/15\/kerbumzug-abteilungen-tanzen-und-turnen-des-tv-1898-muenster-waren-mit-dabei\/\"]}]},{\"@type\":\"BreadcrumbList\",\"@id\":\"https:\/\/www.tv-muenster.de\/tanzen\/2025\/09\/15\/kerbumzug-abteilungen-tanzen-und-turnen-des-tv-1898-muenster-waren-mit-dabei\/#breadcrumb\",\"itemListElement\":[{\"@type\":\"ListItem\",\"position\":1,\"name\":\"Startseite\",\"item\":\"https:\/\/www.tv-muenster.de\/tanzen\/\"},{\"@type\":\"ListItem\",\"position\":2,\"name\":\"Kerbumzug &#8211; Abteilungen Tanzen und Turnen des TV 1898 M\u00fcnster waren mit dabei\"}]},{\"@type\":\"WebSite\",\"@id\":\"https:\/\/www.tv-muenster.de\/tanzen\/#website\",\"url\":\"https:\/\/www.tv-muenster.de\/tanzen\/\",\"name\":\"Tanzen\",\"description\":\"Eine weitere Turnverein 1898 M\u00fcnster e.V. Website\",\"potentialAction\":[{\"@type\":\"SearchAction\",\"target\":{\"@type\":\"EntryPoint\",\"urlTemplate\":\"https:\/\/www.tv-muenster.de\/tanzen\/?s={search_term_string}\"},\"query-input\":\"required name=search_term_string\"}],\"inLanguage\":\"de\"},{\"@type\":\"Person\",\"@id\":\"https:\/\/www.tv-muenster.de\/tanzen\/#\/schema\/person\/5bef8d5f256b9ee52ac4af2b865c2d2d\",\"name\":\"dancecup\",\"image\":{\"@type\":\"ImageObject\",\"inLanguage\":\"de\",\"@id\":\"https:\/\/www.tv-muenster.de\/tanzen\/#\/schema\/person\/image\/\",\"url\":\"https:\/\/secure.gravatar.com\/avatar\/3d42b390c9f07a85e39f75ff9914823c?s=96&d=mm&r=g\",\"contentUrl\":\"https:\/\/secure.gravatar.com\/avatar\/3d42b390c9f07a85e39f75ff9914823c?s=96&d=mm&r=g\",\"caption\":\"dancecup\"},\"url\":\"https:\/\/www.tv-muenster.de\/tanzen\/author\/dancecup\/\"}]}<\/script>\n<!-- \/ Yoast SEO plugin. -->","yoast_head_json":{"title":"Kerbumzug - Abteilungen Tanzen und Turnen des TV 1898 M\u00fcnster waren mit dabei - Tanzen","robots":{"index":"index","follow":"follow","max-snippet":"max-snippet:-1","max-image-preview":"max-image-preview:large","max-video-preview":"max-video-preview:-1"},"canonical":"https:\/\/www.tv-muenster.de\/tanzen\/2025\/09\/15\/kerbumzug-abteilungen-tanzen-und-turnen-des-tv-1898-muenster-waren-mit-dabei\/","og_locale":"de_DE","og_type":"article","og_title":"Kerbumzug - Abteilungen Tanzen und Turnen des TV 1898 M\u00fcnster waren mit dabei - Tanzen","og_description":"Bei strahlendem Sonnenschein und bester Stimmung nahmen auch die Abteilungen mehr erfahren","og_url":"https:\/\/www.tv-muenster.de\/tanzen\/2025\/09\/15\/kerbumzug-abteilungen-tanzen-und-turnen-des-tv-1898-muenster-waren-mit-dabei\/","og_site_name":"Tanzen","article_published_time":"2025-09-15T08:59:27+00:00","article_modified_time":"2025-09-15T10:04:41+00:00","og_image":[{"width":1600,"height":941,"url":"https:\/\/www.tv-muenster.de\/tanzen\/wp-content\/uploads\/sites\/6\/2025\/09\/kerbumzug-e1757926481671.jpg","type":"image\/jpeg"}],"author":"dancecup","twitter_card":"summary_large_image","twitter_misc":{"Geschrieben von":"dancecup","Gesch\u00e4tzte Lesezeit":"1\u00a0Minute"},"schema":{"@context":"https:\/\/schema.org","@graph":[{"@type":"WebPage","@id":"https:\/\/www.tv-muenster.de\/tanzen\/2025\/09\/15\/kerbumzug-abteilungen-tanzen-und-turnen-des-tv-1898-muenster-waren-mit-dabei\/","url":"https:\/\/www.tv-muenster.de\/tanzen\/2025\/09\/15\/kerbumzug-abteilungen-tanzen-und-turnen-des-tv-1898-muenster-waren-mit-dabei\/","name":"Kerbumzug - Abteilungen Tanzen und Turnen des TV 1898 M\u00fcnster waren mit dabei - Tanzen","isPartOf":{"@id":"https:\/\/www.tv-muenster.de\/tanzen\/#website"},"datePublished":"2025-09-15T08:59:27+00:00","dateModified":"2025-09-15T10:04:41+00:00","author":{"@id":"https:\/\/www.tv-muenster.de\/tanzen\/#\/schema\/person\/5bef8d5f256b9ee52ac4af2b865c2d2d"},"breadcrumb":{"@id":"https:\/\/www.tv-muenster.de\/tanzen\/2025\/09\/15\/kerbumzug-abteilungen-tanzen-und-turnen-des-tv-1898-muenster-waren-mit-dabei\/#breadcrumb"},"inLanguage":"de","potentialAction":[{"@type":"ReadAction","target":["https:\/\/www.tv-muenster.de\/tanzen\/2025\/09\/15\/kerbumzug-abteilungen-tanzen-und-turnen-des-tv-1898-muenster-waren-mit-dabei\/"]}]},{"@type":"BreadcrumbList","@id":"https:\/\/www.tv-muenster.de\/tanzen\/2025\/09\/15\/kerbumzug-abteilungen-tanzen-und-turnen-des-tv-1898-muenster-waren-mit-dabei\/#breadcrumb","itemListElement":[{"@type":"ListItem","position":1,"name":"Startseite","item":"https:\/\/www.tv-muenster.de\/tanzen\/"},{"@type":"ListItem","position":2,"name":"Kerbumzug &#8211; Abteilungen Tanzen und Turnen des TV 1898 M\u00fcnster waren mit dabei"}]},{"@type":"WebSite","@id":"https:\/\/www.tv-muenster.de\/tanzen\/#website","url":"https:\/\/www.tv-muenster.de\/tanzen\/","name":"Tanzen","description":"Eine weitere Turnverein 1898 M\u00fcnster e.V. Website","potentialAction":[{"@type":"SearchAction","target":{"@type":"EntryPoint","urlTemplate":"https:\/\/www.tv-muenster.de\/tanzen\/?s={search_term_string}"},"query-input":"required name=search_term_string"}],"inLanguage":"de"},{"@type":"Person","@id":"https:\/\/www.tv-muenster.de\/tanzen\/#\/schema\/person\/5bef8d5f256b9ee52ac4af2b865c2d2d","name":"dancecup","image":{"@type":"ImageObject","inLanguage":"de","@id":"https:\/\/www.tv-muenster.de\/tanzen\/#\/schema\/person\/image\/","url":"https:\/\/secure.gravatar.com\/avatar\/3d42b390c9f07a85e39f75ff9914823c?s=96&d=mm&r=g","contentUrl":"https:\/\/secure.gravatar.com\/avatar\/3d42b390c9f07a85e39f75ff9914823c?s=96&d=mm&r=g","caption":"dancecup"},"url":"https:\/\/www.tv-muenster.de\/tanzen\/author\/dancecup\/"}]}},"_links":{"self":[{"href":"https:\/\/www.tv-muenster.de\/tanzen\/wp-json\/wp\/v2\/posts\/3146"}],"collection":[{"href":"https:\/\/www.tv-muenster.de\/tanzen\/wp-json\/wp\/v2\/posts"}],"about":[{"href":"https:\/\/www.tv-muenster.de\/tanzen\/wp-json\/wp\/v2\/types\/post"}],"author":[{"embeddable":true,"href":"https:\/\/www.tv-muenster.de\/tanzen\/wp-json\/wp\/v2\/users\/10"}],"replies":[{"embeddable":true,"href":"https:\/\/www.tv-muenster.de\/tanzen\/wp-json\/wp\/v2\/comments?post=3146"}],"version-history":[{"count":2,"href":"https:\/\/www.tv-muenster.de\/tanzen\/wp-json\/wp\/v2\/posts\/3146\/revisions"}],"predecessor-version":[{"id":3151,"href":"https:\/\/www.tv-muenster.de\/tanzen\/wp-json\/wp\/v2\/posts\/3146\/revisions\/3151"}],"wp:featuredmedia":[{"embeddable":true,"href":"https:\/\/www.tv-muenster.de\/tanzen\/wp-json\/wp\/v2\/media\/3147"}],"wp:attachment":[{"href":"https:\/\/www.tv-muenster.de\/tanzen\/wp-json\/wp\/v2\/media?parent=3146"}],"wp:term":[{"taxonomy":"category","embeddable":true,"href":"https:\/\/www.tv-muenster.de\/tanzen\/wp-json\/wp\/v2\/categories?post=3146"},{"taxonomy":"post_tag","embeddable":true,"href":"https:\/\/www.tv-muenster.de\/tanzen\/wp-json\/wp\/v2\/tags?post=3146"}],"curies":[{"name":"wp","href":"https:\/\/api.w.org\/{rel}","templated":true}]}}