{"id":3211,"date":"2025-11-02T10:28:04","date_gmt":"2025-11-02T09:28:04","guid":{"rendered":"https:\/\/www.tv-muenster.de\/tanzen\/?p=3211"},"modified":"2025-11-12T11:29:01","modified_gmt":"2025-11-12T10:29:01","slug":"tanzt-vor-allem-aus-der-reihe-begeisternde-tanz-matinee-des-tv-1898-muenster","status":"publish","type":"post","link":"https:\/\/www.tv-muenster.de\/tanzen\/2025\/11\/02\/tanzt-vor-allem-aus-der-reihe-begeisternde-tanz-matinee-des-tv-1898-muenster\/","title":{"rendered":"\u201eTanzt! \u2013 Vor allem aus der Reihe\u201c: Begeisternde Tanz-Matin\u00e9e des TV 1898 M\u00fcnster"},"content":{"rendered":"<p><img loading=\"lazy\" decoding=\"async\" class=\"alignnone size-medium wp-image-3218\" src=\"https:\/\/www.tv-muenster.de\/tanzen\/wp-content\/uploads\/sites\/6\/2025\/11\/unnamed-300x165.jpg\" alt=\"\" width=\"300\" height=\"165\" srcset=\"https:\/\/www.tv-muenster.de\/tanzen\/wp-content\/uploads\/sites\/6\/2025\/11\/unnamed-300x165.jpg 300w, https:\/\/www.tv-muenster.de\/tanzen\/wp-content\/uploads\/sites\/6\/2025\/11\/unnamed-1024x563.jpg 1024w, https:\/\/www.tv-muenster.de\/tanzen\/wp-content\/uploads\/sites\/6\/2025\/11\/unnamed-768x422.jpg 768w, https:\/\/www.tv-muenster.de\/tanzen\/wp-content\/uploads\/sites\/6\/2025\/11\/unnamed.jpg 1170w\" sizes=\"(max-width: 300px) 100vw, 300px\" \/><\/p>\n<p>Am Sonntag, den 2. November 2025, verwandelte sich die Gersprenzhalle in M\u00fcnster in ein<br \/>\nfarbenfrohes Tanzparadies. Unter dem Motto \u201eTanzt! \u2013 Vor allem aus der Reihe\u201c pr\u00e4sentierten sich 14 Mannschaften mit schwungvollen, kreativen und mitrei\u00dfenden Darbietungen. Mit \u201eImTakt\u201c, \u201eLunaris\u201c, \u201eJoy\u201c, \u201eCharisma\u201c, \u201eEnergy\u201c, \u201eBailando\u201c, \u201eNovita\u201c und \u201eZweipunktnull\u201c standen acht Gruppen des gastgebenden Vereins selbst auf der Fl\u00e4che \u2013 und sorgten ebenso wie die G\u00e4ste f\u00fcr ein abwechslungsreiches Programm voller Energie, Leidenschaft und guter Laune.<br \/>\nDie Trib\u00fcne war bis auf den letzten Platz besetzt, das Publikum spendete immer wieder begeisterten Applaus und lie\u00df sich von der mitrei\u00dfenden Stimmung anstecken. Von modernen Choreografien<br \/>\n\u00fcber klassische Tanzformen bis hin zu humorvollen Interpretationen \u2013 die Vielfalt des Tanzsports zeigte sich in ihrer ganzen Bandbreite.<br \/>\nEin gro\u00dfes Lob gilt den Organisatorinnen und Organisatoren des TV M\u00fcnster sowie allen<br \/>\nHelferinnen und Helfern, die mit viel Einsatz f\u00fcr einen reibungslosen Ablauf sorgten. Dank der<br \/>\nguten Vorbereitung verlief die Matinee ohne Verletzungen, und alle Teilnehmenden konnten ihren Auftritt in vollen Z\u00fcgen genie\u00dfen.<br \/>\nAm Ende waren sich Publikum, T\u00e4nzerinnen, T\u00e4nzer und Verantwortliche einig: Diese Tanz-<br \/>\nMatin\u00e9e war eine rundum gelungene Veranstaltung, die Lust auf mehr macht.<br \/>\nAusblick:<br \/>\nDer TV 1898 M\u00fcnster blickt nun voller Vorfreude auf die kommende Saison. Bereits im Fr\u00fchjahr 2026 stehen die n\u00e4chsten Wettk\u00e4mpfe auf dem Programm \u2013 ein fester Platz im Kalender f\u00fcr alle Tanzbegeisterten!<\/p>\n<p><strong>Joy (Kinderverbandsliga)<\/strong><br \/>\n&#8211; 21.03.26 in Aschaffenburg<br \/>\n&#8211; 28.03.26 in B\u00fcttelborn<br \/>\n&#8211; 26.04.26 in M\u00f6rfelden<br \/>\n&#8211; 17.05.26 in Walldorf<\/p>\n<p>&#8211; 09.05.26 Tanzwettkampf in Hainhausen<\/p>\n<p><strong>Charisma &amp; Energy (Jugendlandesliga)<\/strong><br \/>\n&#8211; 22.03.26 in Aschaffenburg<br \/>\n&#8211; 26.04.26 in M\u00f6rfelden<br \/>\n&#8211; 10.05.26 in Gro\u00df-Gerau<br \/>\n&#8211; 30.05.26 in Griesheim<\/p>\n<p><strong>Bailando (Landesliga)<br \/>\n<\/strong>&#8211; 21.03.26 in Aschaffenburg<br \/>\n&#8211; 28.03.26 in B\u00fcttelborn<br \/>\n&#8211; 25.04.26 in M\u00f6rfelden<br \/>\n&#8211; 16.05.26 in Walldorf<\/p>\n<p><strong>Novita (Verbandsliga)<\/strong><br \/>\n&#8211; 29.03.26 in B\u00fcttelborn<br \/>\n&#8211; 18.04.26 in Sossenheim<br \/>\n&#8211; 02.05.26 in Klein-Gerau<br \/>\n&#8211; 30.05.26 in Griesheim<\/p>\n<p><strong>Zweipunktnull<\/strong><br \/>\n&#8211; 09.05.26 Tanzwettkampf in Hainhausen<br \/>\n&#8211; 14.05.26 LTF in Konstanz<\/p>\n<p><strong>Cascaya<\/strong><br \/>\n&#8211; 18.04.26 Love to Dance Cup in Hamburg<br \/>\n&#8211; 09.05.26 Tanzwettkampf in Hainhausen<\/p>\n<p><strong>ImTakt<\/strong><\/p>\n<p>&#8211; 09.05.26 Tanzwettkampf in Hainhausen<\/p>\n<p><strong>Lunaris<\/strong><br \/>\n&#8211; 09.05.26 Tanzwettkampf in Hainhausen<\/p>\n<p>&nbsp;<\/p>\n<p>Alle Gruppen freuen sich auf zahlreiche Unterst\u00fctzung in den jeweiligen Hallen und w\u00fcnschen eine erfolgreiche Saison 2026.<\/p>\n","protected":false},"excerpt":{"rendered":"<p>Am Sonntag, den 2. November 2025, verwandelte sich die Gersprenzhalle <a class=\"moretag\" href=\"https:\/\/www.tv-muenster.de\/tanzen\/2025\/11\/02\/tanzt-vor-allem-aus-der-reihe-begeisternde-tanz-matinee-des-tv-1898-muenster\/\"><br \/> <b>mehr erfahren<\/b><\/a><\/p>\n","protected":false},"author":10,"featured_media":3195,"comment_status":"open","ping_status":"open","sticky":false,"template":"","format":"standard","meta":{"footnotes":""},"categories":[1],"tags":[],"yoast_head":"<!-- This site is optimized with the Yoast SEO plugin v20.2.1 - https:\/\/yoast.com\/wordpress\/plugins\/seo\/ -->\n<title>\u201eTanzt! \u2013 Vor allem aus der Reihe\u201c: Begeisternde Tanz-Matin\u00e9e des TV 1898 M\u00fcnster - Tanzen<\/title>\n<meta name=\"robots\" content=\"index, follow, max-snippet:-1, max-image-preview:large, max-video-preview:-1\" \/>\n<link rel=\"canonical\" href=\"https:\/\/www.tv-muenster.de\/tanzen\/2025\/11\/02\/tanzt-vor-allem-aus-der-reihe-begeisternde-tanz-matinee-des-tv-1898-muenster\/\" \/>\n<meta property=\"og:locale\" content=\"de_DE\" \/>\n<meta property=\"og:type\" content=\"article\" \/>\n<meta property=\"og:title\" content=\"\u201eTanzt! \u2013 Vor allem aus der Reihe\u201c: Begeisternde Tanz-Matin\u00e9e des TV 1898 M\u00fcnster - Tanzen\" \/>\n<meta property=\"og:description\" content=\"Am Sonntag, den 2. November 2025, verwandelte sich die Gersprenzhalle mehr erfahren\" \/>\n<meta property=\"og:url\" content=\"https:\/\/www.tv-muenster.de\/tanzen\/2025\/11\/02\/tanzt-vor-allem-aus-der-reihe-begeisternde-tanz-matinee-des-tv-1898-muenster\/\" \/>\n<meta property=\"og:site_name\" content=\"Tanzen\" \/>\n<meta property=\"article:published_time\" content=\"2025-11-02T09:28:04+00:00\" \/>\n<meta property=\"article:modified_time\" content=\"2025-11-12T10:29:01+00:00\" \/>\n<meta property=\"og:image\" content=\"https:\/\/www.tv-muenster.de\/tanzen\/wp-content\/uploads\/sites\/6\/2025\/11\/8K4A0026-1024x576.jpg\" \/>\n\t<meta property=\"og:image:width\" content=\"1024\" \/>\n\t<meta property=\"og:image:height\" content=\"576\" \/>\n\t<meta property=\"og:image:type\" content=\"image\/jpeg\" \/>\n<meta name=\"author\" content=\"dancecup\" \/>\n<meta name=\"twitter:card\" content=\"summary_large_image\" \/>\n<meta name=\"twitter:label1\" content=\"Geschrieben von\" \/>\n\t<meta name=\"twitter:data1\" content=\"dancecup\" \/>\n\t<meta name=\"twitter:label2\" content=\"Gesch\u00e4tzte Lesezeit\" \/>\n\t<meta name=\"twitter:data2\" content=\"3\u00a0Minuten\" \/>\n<script type=\"application\/ld+json\" class=\"yoast-schema-graph\">{\"@context\":\"https:\/\/schema.org\",\"@graph\":[{\"@type\":\"WebPage\",\"@id\":\"https:\/\/www.tv-muenster.de\/tanzen\/2025\/11\/02\/tanzt-vor-allem-aus-der-reihe-begeisternde-tanz-matinee-des-tv-1898-muenster\/\",\"url\":\"https:\/\/www.tv-muenster.de\/tanzen\/2025\/11\/02\/tanzt-vor-allem-aus-der-reihe-begeisternde-tanz-matinee-des-tv-1898-muenster\/\",\"name\":\"\u201eTanzt! \u2013 Vor allem aus der Reihe\u201c: Begeisternde Tanz-Matin\u00e9e des TV 1898 M\u00fcnster - Tanzen\",\"isPartOf\":{\"@id\":\"https:\/\/www.tv-muenster.de\/tanzen\/#website\"},\"datePublished\":\"2025-11-02T09:28:04+00:00\",\"dateModified\":\"2025-11-12T10:29:01+00:00\",\"author\":{\"@id\":\"https:\/\/www.tv-muenster.de\/tanzen\/#\/schema\/person\/5bef8d5f256b9ee52ac4af2b865c2d2d\"},\"breadcrumb\":{\"@id\":\"https:\/\/www.tv-muenster.de\/tanzen\/2025\/11\/02\/tanzt-vor-allem-aus-der-reihe-begeisternde-tanz-matinee-des-tv-1898-muenster\/#breadcrumb\"},\"inLanguage\":\"de\",\"potentialAction\":[{\"@type\":\"ReadAction\",\"target\":[\"https:\/\/www.tv-muenster.de\/tanzen\/2025\/11\/02\/tanzt-vor-allem-aus-der-reihe-begeisternde-tanz-matinee-des-tv-1898-muenster\/\"]}]},{\"@type\":\"BreadcrumbList\",\"@id\":\"https:\/\/www.tv-muenster.de\/tanzen\/2025\/11\/02\/tanzt-vor-allem-aus-der-reihe-begeisternde-tanz-matinee-des-tv-1898-muenster\/#breadcrumb\",\"itemListElement\":[{\"@type\":\"ListItem\",\"position\":1,\"name\":\"Startseite\",\"item\":\"https:\/\/www.tv-muenster.de\/tanzen\/\"},{\"@type\":\"ListItem\",\"position\":2,\"name\":\"\u201eTanzt! \u2013 Vor allem aus der Reihe\u201c: Begeisternde Tanz-Matin\u00e9e des TV 1898 M\u00fcnster\"}]},{\"@type\":\"WebSite\",\"@id\":\"https:\/\/www.tv-muenster.de\/tanzen\/#website\",\"url\":\"https:\/\/www.tv-muenster.de\/tanzen\/\",\"name\":\"Tanzen\",\"description\":\"Eine weitere Turnverein 1898 M\u00fcnster e.V. Website\",\"potentialAction\":[{\"@type\":\"SearchAction\",\"target\":{\"@type\":\"EntryPoint\",\"urlTemplate\":\"https:\/\/www.tv-muenster.de\/tanzen\/?s={search_term_string}\"},\"query-input\":\"required name=search_term_string\"}],\"inLanguage\":\"de\"},{\"@type\":\"Person\",\"@id\":\"https:\/\/www.tv-muenster.de\/tanzen\/#\/schema\/person\/5bef8d5f256b9ee52ac4af2b865c2d2d\",\"name\":\"dancecup\",\"image\":{\"@type\":\"ImageObject\",\"inLanguage\":\"de\",\"@id\":\"https:\/\/www.tv-muenster.de\/tanzen\/#\/schema\/person\/image\/\",\"url\":\"https:\/\/secure.gravatar.com\/avatar\/3d42b390c9f07a85e39f75ff9914823c?s=96&d=mm&r=g\",\"contentUrl\":\"https:\/\/secure.gravatar.com\/avatar\/3d42b390c9f07a85e39f75ff9914823c?s=96&d=mm&r=g\",\"caption\":\"dancecup\"},\"url\":\"https:\/\/www.tv-muenster.de\/tanzen\/author\/dancecup\/\"}]}<\/script>\n<!-- \/ Yoast SEO plugin. -->","yoast_head_json":{"title":"\u201eTanzt! \u2013 Vor allem aus der Reihe\u201c: Begeisternde Tanz-Matin\u00e9e des TV 1898 M\u00fcnster - Tanzen","robots":{"index":"index","follow":"follow","max-snippet":"max-snippet:-1","max-image-preview":"max-image-preview:large","max-video-preview":"max-video-preview:-1"},"canonical":"https:\/\/www.tv-muenster.de\/tanzen\/2025\/11\/02\/tanzt-vor-allem-aus-der-reihe-begeisternde-tanz-matinee-des-tv-1898-muenster\/","og_locale":"de_DE","og_type":"article","og_title":"\u201eTanzt! \u2013 Vor allem aus der Reihe\u201c: Begeisternde Tanz-Matin\u00e9e des TV 1898 M\u00fcnster - Tanzen","og_description":"Am Sonntag, den 2. November 2025, verwandelte sich die Gersprenzhalle mehr erfahren","og_url":"https:\/\/www.tv-muenster.de\/tanzen\/2025\/11\/02\/tanzt-vor-allem-aus-der-reihe-begeisternde-tanz-matinee-des-tv-1898-muenster\/","og_site_name":"Tanzen","article_published_time":"2025-11-02T09:28:04+00:00","article_modified_time":"2025-11-12T10:29:01+00:00","og_image":[{"width":1024,"height":576,"url":"https:\/\/www.tv-muenster.de\/tanzen\/wp-content\/uploads\/sites\/6\/2025\/11\/8K4A0026-1024x576.jpg","type":"image\/jpeg"}],"author":"dancecup","twitter_card":"summary_large_image","twitter_misc":{"Geschrieben von":"dancecup","Gesch\u00e4tzte Lesezeit":"3\u00a0Minuten"},"schema":{"@context":"https:\/\/schema.org","@graph":[{"@type":"WebPage","@id":"https:\/\/www.tv-muenster.de\/tanzen\/2025\/11\/02\/tanzt-vor-allem-aus-der-reihe-begeisternde-tanz-matinee-des-tv-1898-muenster\/","url":"https:\/\/www.tv-muenster.de\/tanzen\/2025\/11\/02\/tanzt-vor-allem-aus-der-reihe-begeisternde-tanz-matinee-des-tv-1898-muenster\/","name":"\u201eTanzt! \u2013 Vor allem aus der Reihe\u201c: Begeisternde Tanz-Matin\u00e9e des TV 1898 M\u00fcnster - Tanzen","isPartOf":{"@id":"https:\/\/www.tv-muenster.de\/tanzen\/#website"},"datePublished":"2025-11-02T09:28:04+00:00","dateModified":"2025-11-12T10:29:01+00:00","author":{"@id":"https:\/\/www.tv-muenster.de\/tanzen\/#\/schema\/person\/5bef8d5f256b9ee52ac4af2b865c2d2d"},"breadcrumb":{"@id":"https:\/\/www.tv-muenster.de\/tanzen\/2025\/11\/02\/tanzt-vor-allem-aus-der-reihe-begeisternde-tanz-matinee-des-tv-1898-muenster\/#breadcrumb"},"inLanguage":"de","potentialAction":[{"@type":"ReadAction","target":["https:\/\/www.tv-muenster.de\/tanzen\/2025\/11\/02\/tanzt-vor-allem-aus-der-reihe-begeisternde-tanz-matinee-des-tv-1898-muenster\/"]}]},{"@type":"BreadcrumbList","@id":"https:\/\/www.tv-muenster.de\/tanzen\/2025\/11\/02\/tanzt-vor-allem-aus-der-reihe-begeisternde-tanz-matinee-des-tv-1898-muenster\/#breadcrumb","itemListElement":[{"@type":"ListItem","position":1,"name":"Startseite","item":"https:\/\/www.tv-muenster.de\/tanzen\/"},{"@type":"ListItem","position":2,"name":"\u201eTanzt! \u2013 Vor allem aus der Reihe\u201c: Begeisternde Tanz-Matin\u00e9e des TV 1898 M\u00fcnster"}]},{"@type":"WebSite","@id":"https:\/\/www.tv-muenster.de\/tanzen\/#website","url":"https:\/\/www.tv-muenster.de\/tanzen\/","name":"Tanzen","description":"Eine weitere Turnverein 1898 M\u00fcnster e.V. Website","potentialAction":[{"@type":"SearchAction","target":{"@type":"EntryPoint","urlTemplate":"https:\/\/www.tv-muenster.de\/tanzen\/?s={search_term_string}"},"query-input":"required name=search_term_string"}],"inLanguage":"de"},{"@type":"Person","@id":"https:\/\/www.tv-muenster.de\/tanzen\/#\/schema\/person\/5bef8d5f256b9ee52ac4af2b865c2d2d","name":"dancecup","image":{"@type":"ImageObject","inLanguage":"de","@id":"https:\/\/www.tv-muenster.de\/tanzen\/#\/schema\/person\/image\/","url":"https:\/\/secure.gravatar.com\/avatar\/3d42b390c9f07a85e39f75ff9914823c?s=96&d=mm&r=g","contentUrl":"https:\/\/secure.gravatar.com\/avatar\/3d42b390c9f07a85e39f75ff9914823c?s=96&d=mm&r=g","caption":"dancecup"},"url":"https:\/\/www.tv-muenster.de\/tanzen\/author\/dancecup\/"}]}},"_links":{"self":[{"href":"https:\/\/www.tv-muenster.de\/tanzen\/wp-json\/wp\/v2\/posts\/3211"}],"collection":[{"href":"https:\/\/www.tv-muenster.de\/tanzen\/wp-json\/wp\/v2\/posts"}],"about":[{"href":"https:\/\/www.tv-muenster.de\/tanzen\/wp-json\/wp\/v2\/types\/post"}],"author":[{"embeddable":true,"href":"https:\/\/www.tv-muenster.de\/tanzen\/wp-json\/wp\/v2\/users\/10"}],"replies":[{"embeddable":true,"href":"https:\/\/www.tv-muenster.de\/tanzen\/wp-json\/wp\/v2\/comments?post=3211"}],"version-history":[{"count":7,"href":"https:\/\/www.tv-muenster.de\/tanzen\/wp-json\/wp\/v2\/posts\/3211\/revisions"}],"predecessor-version":[{"id":3220,"href":"https:\/\/www.tv-muenster.de\/tanzen\/wp-json\/wp\/v2\/posts\/3211\/revisions\/3220"}],"wp:featuredmedia":[{"embeddable":true,"href":"https:\/\/www.tv-muenster.de\/tanzen\/wp-json\/wp\/v2\/media\/3195"}],"wp:attachment":[{"href":"https:\/\/www.tv-muenster.de\/tanzen\/wp-json\/wp\/v2\/media?parent=3211"}],"wp:term":[{"taxonomy":"category","embeddable":true,"href":"https:\/\/www.tv-muenster.de\/tanzen\/wp-json\/wp\/v2\/categories?post=3211"},{"taxonomy":"post_tag","embeddable":true,"href":"https:\/\/www.tv-muenster.de\/tanzen\/wp-json\/wp\/v2\/tags?post=3211"}],"curies":[{"name":"wp","href":"https:\/\/api.w.org\/{rel}","templated":true}]}}