{"id":3315,"date":"2026-03-12T14:17:21","date_gmt":"2026-03-12T13:17:21","guid":{"rendered":"https:\/\/www.tv-muenster.de\/tanzen\/?p=3315"},"modified":"2026-03-12T14:18:20","modified_gmt":"2026-03-12T13:18:20","slug":"zumba-kursangebot","status":"publish","type":"post","link":"https:\/\/www.tv-muenster.de\/tanzen\/2026\/03\/12\/zumba-kursangebot\/","title":{"rendered":"Zumba (Kursangebot)"},"content":{"rendered":"<p>Zumba ist ein energiegeladenes Tanz-Workout, das Fitness und Spa\u00df perfekt miteinander verbindet. Zu mitrei\u00dfenden Rhythmen aus Lateinamerika und der ganzen Welt tanzen wir einfache Choreografien, die den ganzen K\u00f6rper in Bewegung bringen. Dabei verbesserst du Ausdauer, Koordination und Kraft \u2013 ganz ohne Leistungsdruck.<\/p>\n<p>&nbsp;<\/p>\n<p>Im Mittelpunkt steht die Freude an der Bewegung und an der Musik. Egal ob Anf\u00e4nger oder Tanzerfahrene: Jeder kann mitmachen und in seinem eigenen Tempo tanzen. Die Stunde ist so aufgebaut, dass du dich auspowern, Stress abbauen und gleichzeitig neue Energie tanken kannst.<\/p>\n<p>&nbsp;<\/p>\n<p>Komm vorbei und erlebe, wie viel Spa\u00df Fitness machen kann!<\/p>\n<p>&nbsp;<\/p>\n","protected":false},"excerpt":{"rendered":"<p>Zumba ist ein energiegeladenes Tanz-Workout, das Fitness und Spa\u00df perfekt <a class=\"moretag\" href=\"https:\/\/www.tv-muenster.de\/tanzen\/2026\/03\/12\/zumba-kursangebot\/\"><br \/> <b>mehr erfahren<\/b><\/a><\/p>\n","protected":false},"author":10,"featured_media":3312,"comment_status":"open","ping_status":"open","sticky":false,"template":"","format":"standard","meta":{"footnotes":""},"categories":[1],"tags":[],"yoast_head":"<!-- This site is optimized with the Yoast SEO plugin v20.2.1 - https:\/\/yoast.com\/wordpress\/plugins\/seo\/ -->\n<title>Zumba (Kursangebot) - Tanzen<\/title>\n<meta name=\"robots\" content=\"index, follow, max-snippet:-1, max-image-preview:large, max-video-preview:-1\" \/>\n<link rel=\"canonical\" href=\"https:\/\/www.tv-muenster.de\/tanzen\/2026\/03\/12\/zumba-kursangebot\/\" \/>\n<meta property=\"og:locale\" content=\"de_DE\" \/>\n<meta property=\"og:type\" content=\"article\" \/>\n<meta property=\"og:title\" content=\"Zumba (Kursangebot) - Tanzen\" \/>\n<meta property=\"og:description\" content=\"Zumba ist ein energiegeladenes Tanz-Workout, das Fitness und Spa\u00df perfekt mehr erfahren\" \/>\n<meta property=\"og:url\" content=\"https:\/\/www.tv-muenster.de\/tanzen\/2026\/03\/12\/zumba-kursangebot\/\" \/>\n<meta property=\"og:site_name\" content=\"Tanzen\" \/>\n<meta property=\"article:published_time\" content=\"2026-03-12T13:17:21+00:00\" \/>\n<meta property=\"article:modified_time\" content=\"2026-03-12T13:18:20+00:00\" \/>\n<meta property=\"og:image\" content=\"https:\/\/www.tv-muenster.de\/tanzen\/wp-content\/uploads\/sites\/6\/2024\/08\/image0-1.jpeg\" \/>\n\t<meta property=\"og:image:width\" content=\"4032\" \/>\n\t<meta property=\"og:image:height\" content=\"3024\" \/>\n\t<meta property=\"og:image:type\" content=\"image\/jpeg\" \/>\n<meta name=\"author\" content=\"dancecup\" \/>\n<meta name=\"twitter:card\" content=\"summary_large_image\" \/>\n<meta name=\"twitter:label1\" content=\"Geschrieben von\" \/>\n\t<meta name=\"twitter:data1\" content=\"dancecup\" \/>\n\t<meta name=\"twitter:label2\" content=\"Gesch\u00e4tzte Lesezeit\" \/>\n\t<meta name=\"twitter:data2\" content=\"1\u00a0Minute\" \/>\n<script type=\"application\/ld+json\" class=\"yoast-schema-graph\">{\"@context\":\"https:\/\/schema.org\",\"@graph\":[{\"@type\":\"WebPage\",\"@id\":\"https:\/\/www.tv-muenster.de\/tanzen\/2026\/03\/12\/zumba-kursangebot\/\",\"url\":\"https:\/\/www.tv-muenster.de\/tanzen\/2026\/03\/12\/zumba-kursangebot\/\",\"name\":\"Zumba (Kursangebot) - Tanzen\",\"isPartOf\":{\"@id\":\"https:\/\/www.tv-muenster.de\/tanzen\/#website\"},\"datePublished\":\"2026-03-12T13:17:21+00:00\",\"dateModified\":\"2026-03-12T13:18:20+00:00\",\"author\":{\"@id\":\"https:\/\/www.tv-muenster.de\/tanzen\/#\/schema\/person\/5bef8d5f256b9ee52ac4af2b865c2d2d\"},\"breadcrumb\":{\"@id\":\"https:\/\/www.tv-muenster.de\/tanzen\/2026\/03\/12\/zumba-kursangebot\/#breadcrumb\"},\"inLanguage\":\"de\",\"potentialAction\":[{\"@type\":\"ReadAction\",\"target\":[\"https:\/\/www.tv-muenster.de\/tanzen\/2026\/03\/12\/zumba-kursangebot\/\"]}]},{\"@type\":\"BreadcrumbList\",\"@id\":\"https:\/\/www.tv-muenster.de\/tanzen\/2026\/03\/12\/zumba-kursangebot\/#breadcrumb\",\"itemListElement\":[{\"@type\":\"ListItem\",\"position\":1,\"name\":\"Startseite\",\"item\":\"https:\/\/www.tv-muenster.de\/tanzen\/\"},{\"@type\":\"ListItem\",\"position\":2,\"name\":\"Zumba (Kursangebot)\"}]},{\"@type\":\"WebSite\",\"@id\":\"https:\/\/www.tv-muenster.de\/tanzen\/#website\",\"url\":\"https:\/\/www.tv-muenster.de\/tanzen\/\",\"name\":\"Tanzen\",\"description\":\"Eine weitere Turnverein 1898 M\u00fcnster e.V. Website\",\"potentialAction\":[{\"@type\":\"SearchAction\",\"target\":{\"@type\":\"EntryPoint\",\"urlTemplate\":\"https:\/\/www.tv-muenster.de\/tanzen\/?s={search_term_string}\"},\"query-input\":\"required name=search_term_string\"}],\"inLanguage\":\"de\"},{\"@type\":\"Person\",\"@id\":\"https:\/\/www.tv-muenster.de\/tanzen\/#\/schema\/person\/5bef8d5f256b9ee52ac4af2b865c2d2d\",\"name\":\"dancecup\",\"image\":{\"@type\":\"ImageObject\",\"inLanguage\":\"de\",\"@id\":\"https:\/\/www.tv-muenster.de\/tanzen\/#\/schema\/person\/image\/\",\"url\":\"https:\/\/secure.gravatar.com\/avatar\/3d42b390c9f07a85e39f75ff9914823c?s=96&d=mm&r=g\",\"contentUrl\":\"https:\/\/secure.gravatar.com\/avatar\/3d42b390c9f07a85e39f75ff9914823c?s=96&d=mm&r=g\",\"caption\":\"dancecup\"},\"url\":\"https:\/\/www.tv-muenster.de\/tanzen\/author\/dancecup\/\"}]}<\/script>\n<!-- \/ Yoast SEO plugin. -->","yoast_head_json":{"title":"Zumba (Kursangebot) - Tanzen","robots":{"index":"index","follow":"follow","max-snippet":"max-snippet:-1","max-image-preview":"max-image-preview:large","max-video-preview":"max-video-preview:-1"},"canonical":"https:\/\/www.tv-muenster.de\/tanzen\/2026\/03\/12\/zumba-kursangebot\/","og_locale":"de_DE","og_type":"article","og_title":"Zumba (Kursangebot) - Tanzen","og_description":"Zumba ist ein energiegeladenes Tanz-Workout, das Fitness und Spa\u00df perfekt mehr erfahren","og_url":"https:\/\/www.tv-muenster.de\/tanzen\/2026\/03\/12\/zumba-kursangebot\/","og_site_name":"Tanzen","article_published_time":"2026-03-12T13:17:21+00:00","article_modified_time":"2026-03-12T13:18:20+00:00","og_image":[{"width":4032,"height":3024,"url":"https:\/\/www.tv-muenster.de\/tanzen\/wp-content\/uploads\/sites\/6\/2024\/08\/image0-1.jpeg","type":"image\/jpeg"}],"author":"dancecup","twitter_card":"summary_large_image","twitter_misc":{"Geschrieben von":"dancecup","Gesch\u00e4tzte Lesezeit":"1\u00a0Minute"},"schema":{"@context":"https:\/\/schema.org","@graph":[{"@type":"WebPage","@id":"https:\/\/www.tv-muenster.de\/tanzen\/2026\/03\/12\/zumba-kursangebot\/","url":"https:\/\/www.tv-muenster.de\/tanzen\/2026\/03\/12\/zumba-kursangebot\/","name":"Zumba (Kursangebot) - Tanzen","isPartOf":{"@id":"https:\/\/www.tv-muenster.de\/tanzen\/#website"},"datePublished":"2026-03-12T13:17:21+00:00","dateModified":"2026-03-12T13:18:20+00:00","author":{"@id":"https:\/\/www.tv-muenster.de\/tanzen\/#\/schema\/person\/5bef8d5f256b9ee52ac4af2b865c2d2d"},"breadcrumb":{"@id":"https:\/\/www.tv-muenster.de\/tanzen\/2026\/03\/12\/zumba-kursangebot\/#breadcrumb"},"inLanguage":"de","potentialAction":[{"@type":"ReadAction","target":["https:\/\/www.tv-muenster.de\/tanzen\/2026\/03\/12\/zumba-kursangebot\/"]}]},{"@type":"BreadcrumbList","@id":"https:\/\/www.tv-muenster.de\/tanzen\/2026\/03\/12\/zumba-kursangebot\/#breadcrumb","itemListElement":[{"@type":"ListItem","position":1,"name":"Startseite","item":"https:\/\/www.tv-muenster.de\/tanzen\/"},{"@type":"ListItem","position":2,"name":"Zumba (Kursangebot)"}]},{"@type":"WebSite","@id":"https:\/\/www.tv-muenster.de\/tanzen\/#website","url":"https:\/\/www.tv-muenster.de\/tanzen\/","name":"Tanzen","description":"Eine weitere Turnverein 1898 M\u00fcnster e.V. Website","potentialAction":[{"@type":"SearchAction","target":{"@type":"EntryPoint","urlTemplate":"https:\/\/www.tv-muenster.de\/tanzen\/?s={search_term_string}"},"query-input":"required name=search_term_string"}],"inLanguage":"de"},{"@type":"Person","@id":"https:\/\/www.tv-muenster.de\/tanzen\/#\/schema\/person\/5bef8d5f256b9ee52ac4af2b865c2d2d","name":"dancecup","image":{"@type":"ImageObject","inLanguage":"de","@id":"https:\/\/www.tv-muenster.de\/tanzen\/#\/schema\/person\/image\/","url":"https:\/\/secure.gravatar.com\/avatar\/3d42b390c9f07a85e39f75ff9914823c?s=96&d=mm&r=g","contentUrl":"https:\/\/secure.gravatar.com\/avatar\/3d42b390c9f07a85e39f75ff9914823c?s=96&d=mm&r=g","caption":"dancecup"},"url":"https:\/\/www.tv-muenster.de\/tanzen\/author\/dancecup\/"}]}},"_links":{"self":[{"href":"https:\/\/www.tv-muenster.de\/tanzen\/wp-json\/wp\/v2\/posts\/3315"}],"collection":[{"href":"https:\/\/www.tv-muenster.de\/tanzen\/wp-json\/wp\/v2\/posts"}],"about":[{"href":"https:\/\/www.tv-muenster.de\/tanzen\/wp-json\/wp\/v2\/types\/post"}],"author":[{"embeddable":true,"href":"https:\/\/www.tv-muenster.de\/tanzen\/wp-json\/wp\/v2\/users\/10"}],"replies":[{"embeddable":true,"href":"https:\/\/www.tv-muenster.de\/tanzen\/wp-json\/wp\/v2\/comments?post=3315"}],"version-history":[{"count":2,"href":"https:\/\/www.tv-muenster.de\/tanzen\/wp-json\/wp\/v2\/posts\/3315\/revisions"}],"predecessor-version":[{"id":3317,"href":"https:\/\/www.tv-muenster.de\/tanzen\/wp-json\/wp\/v2\/posts\/3315\/revisions\/3317"}],"wp:featuredmedia":[{"embeddable":true,"href":"https:\/\/www.tv-muenster.de\/tanzen\/wp-json\/wp\/v2\/media\/3312"}],"wp:attachment":[{"href":"https:\/\/www.tv-muenster.de\/tanzen\/wp-json\/wp\/v2\/media?parent=3315"}],"wp:term":[{"taxonomy":"category","embeddable":true,"href":"https:\/\/www.tv-muenster.de\/tanzen\/wp-json\/wp\/v2\/categories?post=3315"},{"taxonomy":"post_tag","embeddable":true,"href":"https:\/\/www.tv-muenster.de\/tanzen\/wp-json\/wp\/v2\/tags?post=3315"}],"curies":[{"name":"wp","href":"https:\/\/api.w.org\/{rel}","templated":true}]}}